{"id":633,"date":"2016-01-12T15:27:22","date_gmt":"2016-01-12T14:27:22","guid":{"rendered":"http:\/\/www.aprofgeo.org\/wp\/?p=633"},"modified":"2016-01-20T14:19:14","modified_gmt":"2016-01-20T13:19:14","slug":"ano-internacional-do-entendimento-global-com-a-colaboracao-e-o-empenho-da-uniao-geografica-internacional","status":"publish","type":"post","link":"https:\/\/www.aprofgeo.org\/wp\/?p=633","title":{"rendered":"Ano Internacional do Entendimento Global com a colabora\u00e7\u00e3o  da Uni\u00e3o Geogr\u00e1fica Internacional"},"content":{"rendered":"<p style=\"text-align: justify;\"><em>O Conselho Internacional de Ci\u00eancias (ICSU), o Conselho Internacional das Ci\u00eancias Sociais (ISSC) e o Conselho Internacional de Filosofia e Ci\u00eancias Humanas (CIPSH), anunciaram hoje, em conjunto, que 2016 ser\u00e1 o Ano Internacional do Entendimento Global (IYGU). O objectivo do IYGU \u00e9 a promo\u00e7\u00e3o de um melhor entendimento sobre o impacto global das ac\u00e7\u00f5es locais, para estimular pol\u00edticas inovadoras que respondam aos desafios globais, como as mudan\u00e7as clim\u00e1ticas, a seguran\u00e7a alimentar ou as migra\u00e7\u00f5es.<\/em><\/p>\n<p style=\"text-align: justify;\">Mais informa\u00e7\u00f5es sobre o Ano Internacional para o Entendimento Global est\u00e3o dispon\u00edveis em:<\/p>\n<h3 style=\"text-align: justify;\">http:\/\/www.global-understanding.info\/wp-content\/uploads\/2012\/08\/portugiesisch_web.pdf<\/h3>\n<p>&nbsp;<\/p>\n<p>&nbsp;<\/p>\n<p>&nbsp;<\/p>\n","protected":false},"excerpt":{"rendered":"<p>O Conselho Internacional de Ci\u00eancias (ICSU), o Conselho Internacional das Ci\u00eancias Sociais (ISSC) e o Conselho Internacional de Filosofia e Ci\u00eancias Humanas (CIPSH), anunciaram hoje, em conjunto, que 2016 ser\u00e1 o Ano Internacional do Entendimento Global (IYGU). O objectivo do IYGU \u00e9 a promo\u00e7\u00e3o de um melhor entendimento sobre o impacto global das ac\u00e7\u00f5es locais,<a class=\"moretag\" href=\"https:\/\/www.aprofgeo.org\/wp\/?p=633\"><span class=\"screen-reader-text\">Read more about Ano Internacional do Entendimento Global com a colabora\u00e7\u00e3o  da Uni\u00e3o Geogr\u00e1fica Internacional<\/span>[&#8230;]<\/a><\/p>\n","protected":false},"author":5,"featured_media":0,"comment_status":"closed","ping_status":"open","sticky":false,"template":"","format":"standard","meta":{"ngg_post_thumbnail":0},"categories":[1],"tags":[],"_links":{"self":[{"href":"https:\/\/www.aprofgeo.org\/wp\/index.php?rest_route=\/wp\/v2\/posts\/633"}],"collection":[{"href":"https:\/\/www.aprofgeo.org\/wp\/index.php?rest_route=\/wp\/v2\/posts"}],"about":[{"href":"https:\/\/www.aprofgeo.org\/wp\/index.php?rest_route=\/wp\/v2\/types\/post"}],"author":[{"embeddable":true,"href":"https:\/\/www.aprofgeo.org\/wp\/index.php?rest_route=\/wp\/v2\/users\/5"}],"replies":[{"embeddable":true,"href":"https:\/\/www.aprofgeo.org\/wp\/index.php?rest_route=%2Fwp%2Fv2%2Fcomments&post=633"}],"version-history":[{"count":4,"href":"https:\/\/www.aprofgeo.org\/wp\/index.php?rest_route=\/wp\/v2\/posts\/633\/revisions"}],"predecessor-version":[{"id":660,"href":"https:\/\/www.aprofgeo.org\/wp\/index.php?rest_route=\/wp\/v2\/posts\/633\/revisions\/660"}],"wp:attachment":[{"href":"https:\/\/www.aprofgeo.org\/wp\/index.php?rest_route=%2Fwp%2Fv2%2Fmedia&parent=633"}],"wp:term":[{"taxonomy":"category","embeddable":true,"href":"https:\/\/www.aprofgeo.org\/wp\/index.php?rest_route=%2Fwp%2Fv2%2Fcategories&post=633"},{"taxonomy":"post_tag","embeddable":true,"href":"https:\/\/www.aprofgeo.org\/wp\/index.php?rest_route=%2Fwp%2Fv2%2Ftags&post=633"}],"curies":[{"name":"wp","href":"https:\/\/api.w.org\/{rel}","templated":true}]}}