{"id":3346,"date":"2026-04-29T13:23:01","date_gmt":"2026-04-29T12:23:01","guid":{"rendered":"https:\/\/www.aprofgeo.org\/wp\/?p=3346"},"modified":"2026-04-29T13:25:24","modified_gmt":"2026-04-29T12:25:24","slug":"aprendizagens-essenciais-parecer-da-aprofgeo-geografia-c-ensino-secundario-12-o-ano","status":"publish","type":"post","link":"https:\/\/www.aprofgeo.org\/wp\/?p=3346","title":{"rendered":"Aprendizagens Essenciais | Parecer da APROFGEO &#8211; Geografia C \u2013 Ensino Secund\u00e1rio (12.\u00ba Ano)"},"content":{"rendered":"\n<p><strong>Consulta P\u00fablica | Aprendizagens Essenciais de Geografia C \u2013 Ensino Secund\u00e1rio (12.\u00ba Ano)<\/strong><\/p>\n\n\n\n<p>A <strong>APROFGEO<\/strong> apresenta o seu parecer sobre as <strong>Aprendizagens Essenciais de Geografia C \u2013 Ensino Secund\u00e1rio<\/strong>, relativas ao <strong>12.\u00ba Ano<\/strong>, no \u00e2mbito da consulta p\u00fablica em curso.<\/p>\n\n\n\n<p>Este parecer baseia-se numa an\u00e1lise t\u00e9cnico-cient\u00edfica, que inclui uma avalia\u00e7\u00e3o detalhada da <strong>coer\u00eancia curricular<\/strong>, do <strong>rigor conceptual<\/strong>, da <strong>progress\u00e3o das aprendizagens<\/strong> e da <strong>exequibilidade pedag\u00f3gica<\/strong> da disciplina de <strong>Geografia C<\/strong>.<\/p>\n\n\n\n<h4><strong>Positivos Identificados:<\/strong><\/h4>\n\n\n\n<p>A <strong>APROFGEO<\/strong> destaca que a <strong>Geografia C<\/strong> no <strong>12.\u00ba Ano<\/strong> \u00e9 uma disciplina crucial para o desenvolvimento das compet\u00eancias anal\u00edticas e cr\u00edticas dos alunos, permitindo-lhes compreender as din\u00e2micas globais e as quest\u00f5es geogr\u00e1ficas mais complexas. A disciplina abrange uma vasta gama de temas, como a geopol\u00edtica, as quest\u00f5es ambientais, e as inter-rela\u00e7\u00f5es territoriais que moldam o mundo contempor\u00e2neo.<\/p>\n\n\n\n<h4><strong>\u00c1reas de Aperfei\u00e7oamento:<\/strong><\/h4>\n\n\n\n<p>Apesar dos pontos positivos, o parecer identifica algumas \u00e1reas que precisam de aten\u00e7\u00e3o:<\/p>\n\n\n\n<ul>\n<li><strong>Progress\u00e3o das Aprendizagens:<\/strong> A <strong>APROFGEO<\/strong> sugere que as aprendizagens devem ser mais bem articuladas entre o <strong>11.\u00ba<\/strong> e o <strong>12.\u00ba Ano<\/strong>, de modo a garantir uma transi\u00e7\u00e3o fluida e eficaz dos conte\u00fados.<\/li>\n\n\n\n<li><strong>Explicita\u00e7\u00e3o de Conceitos Estruturantes:<\/strong> Alguns conceitos fundamentais ainda necessitam de uma explicita\u00e7\u00e3o mais clara, especialmente no que se refere \u00e0s tem\u00e1ticas abordadas no curr\u00edculo do <strong>12.\u00ba Ano<\/strong>, como o desenvolvimento sustent\u00e1vel, a globaliza\u00e7\u00e3o e a geopol\u00edtica.<\/li>\n\n\n\n<li><strong>Equil\u00edbrio entre Avalia\u00e7\u00e3o e Ensino:<\/strong> A <strong>APROFGEO<\/strong> prop\u00f5e que a avalia\u00e7\u00e3o seja repensada, com um melhor equil\u00edbrio em rela\u00e7\u00e3o ao tempo dedicado ao ensino das compet\u00eancias e dos conte\u00fados, para que o foco esteja nas aprendizagens e n\u00e3o apenas nos processos avaliativos.<\/li>\n<\/ul>\n\n\n\n<h4><strong>Objetivo do Parecer:<\/strong><\/h4>\n\n\n\n<p>Com este parecer, a <strong>APROFGEO<\/strong> busca promover um <strong>curr\u00edculo de Geografia C<\/strong> mais articulado, exequ\u00edvel e coerente, para que os alunos do <strong>12.\u00ba Ano<\/strong> adquiram uma forma\u00e7\u00e3o s\u00f3lida e profunda, que os prepare para enfrentar os desafios globais com uma vis\u00e3o cr\u00edtica e informada.<\/p>\n\n\n\n<p>&#x1f4c4; <strong>Consulte o parecer completo aqui:<\/strong> <a href=\"https:\/\/drive.google.com\/file\/d\/1Rc6RZNwyx05onn2SfOZmN-O_wjtPlp1Y\/view?usp=sharing\">https:\/\/drive.google.com\/file\/d\/1Rc6RZNwyx05onn2SfOZmN-O_wjtPlp1Y\/view?usp=sharing<\/a><\/p>\n\n\n\n<p>&#x1f4ce; <strong>Anexo T\u00e9cnico:<\/strong> <a href=\"https:\/\/drive.google.com\/file\/d\/1fAg_IL16HeIW7Fk1aXQayrkkGwHsJuUu\/view?usp=sharing\">https:\/\/drive.google.com\/file\/d\/1fAg_IL16HeIW7Fk1aXQayrkkGwHsJuUu\/view?usp=sharing<\/a><\/p>\n","protected":false},"excerpt":{"rendered":"<p>Consulta P\u00fablica | Aprendizagens Essenciais de Geografia C \u2013 Ensino Secund\u00e1rio (12.\u00ba Ano) A APROFGEO apresenta o seu parecer sobre as Aprendizagens Essenciais de Geografia C \u2013 Ensino Secund\u00e1rio, relativas ao 12.\u00ba Ano, no \u00e2mbito da consulta p\u00fablica em curso. Este parecer baseia-se numa an\u00e1lise t\u00e9cnico-cient\u00edfica, que inclui uma avalia\u00e7\u00e3o detalhada da coer\u00eancia curricular, do<a class=\"moretag\" href=\"https:\/\/www.aprofgeo.org\/wp\/?p=3346\"><span class=\"screen-reader-text\">Read more about Aprendizagens Essenciais | Parecer da APROFGEO &#8211; Geografia C \u2013 Ensino Secund\u00e1rio (12.\u00ba Ano)<\/span>[&#8230;]<\/a><\/p>\n","protected":false},"author":5,"featured_media":0,"comment_status":"closed","ping_status":"closed","sticky":false,"template":"","format":"standard","meta":{"ngg_post_thumbnail":0},"categories":[1],"tags":[],"_links":{"self":[{"href":"https:\/\/www.aprofgeo.org\/wp\/index.php?rest_route=\/wp\/v2\/posts\/3346"}],"collection":[{"href":"https:\/\/www.aprofgeo.org\/wp\/index.php?rest_route=\/wp\/v2\/posts"}],"about":[{"href":"https:\/\/www.aprofgeo.org\/wp\/index.php?rest_route=\/wp\/v2\/types\/post"}],"author":[{"embeddable":true,"href":"https:\/\/www.aprofgeo.org\/wp\/index.php?rest_route=\/wp\/v2\/users\/5"}],"replies":[{"embeddable":true,"href":"https:\/\/www.aprofgeo.org\/wp\/index.php?rest_route=%2Fwp%2Fv2%2Fcomments&post=3346"}],"version-history":[{"count":2,"href":"https:\/\/www.aprofgeo.org\/wp\/index.php?rest_route=\/wp\/v2\/posts\/3346\/revisions"}],"predecessor-version":[{"id":3349,"href":"https:\/\/www.aprofgeo.org\/wp\/index.php?rest_route=\/wp\/v2\/posts\/3346\/revisions\/3349"}],"wp:attachment":[{"href":"https:\/\/www.aprofgeo.org\/wp\/index.php?rest_route=%2Fwp%2Fv2%2Fmedia&parent=3346"}],"wp:term":[{"taxonomy":"category","embeddable":true,"href":"https:\/\/www.aprofgeo.org\/wp\/index.php?rest_route=%2Fwp%2Fv2%2Fcategories&post=3346"},{"taxonomy":"post_tag","embeddable":true,"href":"https:\/\/www.aprofgeo.org\/wp\/index.php?rest_route=%2Fwp%2Fv2%2Ftags&post=3346"}],"curies":[{"name":"wp","href":"https:\/\/api.w.org\/{rel}","templated":true}]}}