{"id":3342,"date":"2026-04-29T13:19:20","date_gmt":"2026-04-29T12:19:20","guid":{"rendered":"https:\/\/www.aprofgeo.org\/wp\/?p=3342"},"modified":"2026-04-29T13:27:07","modified_gmt":"2026-04-29T12:27:07","slug":"aprendizagens-essenciais-parecer-da-aprofgeo-historia-e-geografia-de-portugal-2-o-ciclo-5-o-e-6-o-anos","status":"publish","type":"post","link":"https:\/\/www.aprofgeo.org\/wp\/?p=3342","title":{"rendered":"Aprendizagens Essenciais | Parecer da APROFGEO &#8211; Hist\u00f3ria e Geografia de Portugal \u2013 2.\u00ba Ciclo (5.\u00ba e 6.\u00ba Anos)"},"content":{"rendered":"\n<p><strong>Consulta P\u00fablica | Aprendizagens Essenciais de Hist\u00f3ria e Geografia de Portugal \u2013 2.\u00ba Ciclo<\/strong><\/p>\n\n\n\n<p>A <strong>APROFGEO<\/strong> divulga o seu parecer relativo \u00e0s <strong>Aprendizagens Essenciais de Hist\u00f3ria e Geografia de Portugal (HGP)<\/strong> para o <strong>2.\u00ba Ciclo do Ensino B\u00e1sico<\/strong>, abrangendo os <strong>5.\u00ba e 6.\u00ba anos<\/strong>, no contexto da consulta p\u00fablica em curso.<\/p>\n\n\n\n<p>Este parecer resulta de uma an\u00e1lise rigorosa, centrada na <strong>coer\u00eancia curricular<\/strong>, no <strong>rigor dos conceitos<\/strong>, na <strong>progress\u00e3o das aprendizagens<\/strong> e na <strong>exequibilidade pedag\u00f3gica<\/strong> das propostas apresentadas.<\/p>\n\n\n\n<h4><strong>Pontos Positivos Identificados:<\/strong><\/h4>\n\n\n\n<p>A <strong>APROFGEO<\/strong> reconhece que o ensino de <strong>Hist\u00f3ria e Geografia de Portugal<\/strong> \u00e9 fundamental para a constru\u00e7\u00e3o da identidade dos alunos, ajudando-os a compreender a hist\u00f3ria, o territ\u00f3rio e as din\u00e2micas sociais do nosso pa\u00eds. O conhecimento profundo sobre a geografia portuguesa proporciona uma base s\u00f3lida para o desenvolvimento das literacias hist\u00f3ricas e geogr\u00e1ficas, essenciais na forma\u00e7\u00e3o de cidad\u00e3os cr\u00edticos e conscientes.<\/p>\n\n\n\n<h4><strong>\u00c1reas a Aperfei\u00e7oar:<\/strong><\/h4>\n\n\n\n<p>Embora reconhe\u00e7a os m\u00e9ritos da proposta curricular, o parecer sugere alguns ajustes importantes:<\/p>\n\n\n\n<ul>\n<li><strong>Articula\u00e7\u00e3o entre Ciclos:<\/strong> A <strong>APROFGEO<\/strong> considera que a articula\u00e7\u00e3o entre o 2.\u00ba Ciclo e o 3.\u00ba Ciclo precisa de ser mais expl\u00edcita, para que os alunos possam perceber a continuidade das aprendizagens e os conte\u00fados abordados.<\/li>\n\n\n\n<li><strong>Clareza de Conceitos:<\/strong> Em alguns momentos, os conceitos centrais da disciplina n\u00e3o s\u00e3o suficientemente claros, o que pode dificultar a compreens\u00e3o dos alunos. A <strong>APROFGEO<\/strong> sugere que esses conceitos sejam mais bem definidos e explicados.<\/li>\n\n\n\n<li><strong>Equil\u00edbrio entre Avalia\u00e7\u00e3o e Aprendizagens:<\/strong> O parecer defende que o peso dado \u00e0 avalia\u00e7\u00e3o nas <strong>Aprendizagens Essenciais<\/strong> pode ser excessivo, em detrimento da aprendizagem efetiva dos conte\u00fados. A <strong>APROFGEO<\/strong> prop\u00f5e um reajuste que permita uma maior \u00eanfase nas metodologias de ensino.<\/li>\n<\/ul>\n\n\n\n<h4><strong>Objetivo do Parecer:<\/strong><\/h4>\n\n\n\n<p>Este parecer visa contribuir para um <strong>curr\u00edculo mais equilibrado e eficaz<\/strong>, que permita aos alunos desenvolver uma compreens\u00e3o s\u00f3lida da Hist\u00f3ria e Geografia de Portugal. A <strong>APROFGEO<\/strong> busca garantir que os conte\u00fados sejam trabalhados de forma clara e acess\u00edvel, sem perder de vista os desafios pedag\u00f3gicos e as necessidades de cada aluno.<\/p>\n\n\n\n<p>&#x1f4c4; <strong>Consulte o parecer completo aqui:<\/strong> <a href=\"https:\/\/drive.google.com\/file\/d\/1Ic5cacsmQFJEwZkb1Upc70dj2ns7V5gU\/view?usp=sharing\">https:\/\/drive.google.com\/file\/d\/1Ic5cacsmQFJEwZkb1Upc70dj2ns7V5gU\/view?usp=sharing<\/a><\/p>\n","protected":false},"excerpt":{"rendered":"<p>Consulta P\u00fablica | Aprendizagens Essenciais de Hist\u00f3ria e Geografia de Portugal \u2013 2.\u00ba Ciclo A APROFGEO divulga o seu parecer relativo \u00e0s Aprendizagens Essenciais de Hist\u00f3ria e Geografia de Portugal (HGP) para o 2.\u00ba Ciclo do Ensino B\u00e1sico, abrangendo os 5.\u00ba e 6.\u00ba anos, no contexto da consulta p\u00fablica em curso. Este parecer resulta de<a class=\"moretag\" href=\"https:\/\/www.aprofgeo.org\/wp\/?p=3342\"><span class=\"screen-reader-text\">Read more about Aprendizagens Essenciais | Parecer da APROFGEO &#8211; Hist\u00f3ria e Geografia de Portugal \u2013 2.\u00ba Ciclo (5.\u00ba e 6.\u00ba Anos)<\/span>[&#8230;]<\/a><\/p>\n","protected":false},"author":5,"featured_media":0,"comment_status":"closed","ping_status":"closed","sticky":false,"template":"","format":"standard","meta":{"ngg_post_thumbnail":0},"categories":[1],"tags":[],"_links":{"self":[{"href":"https:\/\/www.aprofgeo.org\/wp\/index.php?rest_route=\/wp\/v2\/posts\/3342"}],"collection":[{"href":"https:\/\/www.aprofgeo.org\/wp\/index.php?rest_route=\/wp\/v2\/posts"}],"about":[{"href":"https:\/\/www.aprofgeo.org\/wp\/index.php?rest_route=\/wp\/v2\/types\/post"}],"author":[{"embeddable":true,"href":"https:\/\/www.aprofgeo.org\/wp\/index.php?rest_route=\/wp\/v2\/users\/5"}],"replies":[{"embeddable":true,"href":"https:\/\/www.aprofgeo.org\/wp\/index.php?rest_route=%2Fwp%2Fv2%2Fcomments&post=3342"}],"version-history":[{"count":3,"href":"https:\/\/www.aprofgeo.org\/wp\/index.php?rest_route=\/wp\/v2\/posts\/3342\/revisions"}],"predecessor-version":[{"id":3351,"href":"https:\/\/www.aprofgeo.org\/wp\/index.php?rest_route=\/wp\/v2\/posts\/3342\/revisions\/3351"}],"wp:attachment":[{"href":"https:\/\/www.aprofgeo.org\/wp\/index.php?rest_route=%2Fwp%2Fv2%2Fmedia&parent=3342"}],"wp:term":[{"taxonomy":"category","embeddable":true,"href":"https:\/\/www.aprofgeo.org\/wp\/index.php?rest_route=%2Fwp%2Fv2%2Fcategories&post=3342"},{"taxonomy":"post_tag","embeddable":true,"href":"https:\/\/www.aprofgeo.org\/wp\/index.php?rest_route=%2Fwp%2Fv2%2Ftags&post=3342"}],"curies":[{"name":"wp","href":"https:\/\/api.w.org\/{rel}","templated":true}]}}