{"id":3338,"date":"2026-04-29T13:15:28","date_gmt":"2026-04-29T12:15:28","guid":{"rendered":"https:\/\/www.aprofgeo.org\/wp\/?p=3338"},"modified":"2026-04-29T13:26:14","modified_gmt":"2026-04-29T12:26:14","slug":"parecer-da-aprofgeo-sobre-as-aprendizagens-essenciais-de-estudo-do-meio-1-o-ciclo-1-o-ao-4-o-ano","status":"publish","type":"post","link":"https:\/\/www.aprofgeo.org\/wp\/?p=3338","title":{"rendered":"Aprendizagens Essenciais | Parecer da APROFGEO &#8211; Estudo do Meio \u2013 1.\u00ba Ciclo (1.\u00ba ao 4.\u00ba Ano)"},"content":{"rendered":"\n<p><strong>Consulta P\u00fablica | Aprendizagens Essenciais de Estudo do Meio \u2013 1.\u00ba Ciclo (1.\u00ba ao 4.\u00ba Ano)<\/strong><\/p>\n\n\n\n<p>A <strong>APROFGEO<\/strong> apresenta o seu parecer sobre as <strong>Aprendizagens Essenciais de Estudo do Meio<\/strong> para o <strong>1.\u00ba Ciclo do Ensino B\u00e1sico<\/strong>, abrangendo os <strong>1.\u00ba, 2.\u00ba, 3.\u00ba e 4.\u00ba anos<\/strong>, no \u00e2mbito da consulta p\u00fablica em curso.<\/p>\n\n\n\n<p>Este parecer resulta de uma an\u00e1lise t\u00e9cnico-cient\u00edfica, focada na <strong>coer\u00eancia curricular<\/strong>, no <strong>rigor conceptual<\/strong>, na <strong>progress\u00e3o das aprendizagens<\/strong> e na <strong>exequibilidade pedag\u00f3gica<\/strong> das propostas.<\/p>\n\n\n\n<h4><strong>Positivos Identificados:<\/strong><\/h4>\n\n\n\n<p>A <strong>APROFGEO<\/strong> reconhece a import\u00e2ncia fundamental do <strong>Estudo do Meio<\/strong> na forma\u00e7\u00e3o inicial dos alunos, destacando a relev\u00e2ncia da \u00e1rea na constru\u00e7\u00e3o das <strong>literacias geogr\u00e1ficas, ambientais, territoriais e cidad\u00e3s<\/strong>. Estas compet\u00eancias s\u00e3o essenciais para a compreens\u00e3o do <strong>espa\u00e7o vivido<\/strong>, da <strong>natureza<\/strong>, da <strong>sociedade<\/strong> e das <strong>rela\u00e7\u00f5es entre ambos<\/strong>, contribuindo de forma decisiva para a forma\u00e7\u00e3o de cidad\u00e3os cr\u00edticos e informados.<\/p>\n\n\n\n<h4><strong>\u00c1reas a Melhorar:<\/strong><\/h4>\n\n\n\n<p>Embora o curr\u00edculo de <strong>Estudo do Meio<\/strong> tenha m\u00e9ritos importantes, o parecer identifica algumas \u00e1reas que necessitam de ajustes:<\/p>\n\n\n\n<ul>\n<li><strong>Progress\u00e3o Vertical das Aprendizagens:<\/strong> A <strong>APROFGEO<\/strong> sugere uma melhor articula\u00e7\u00e3o entre as aprendizagens do <strong>1.\u00ba Ciclo<\/strong> e as dos ciclos seguintes, para garantir que os alunos desenvolvam as compet\u00eancias de forma gradual e integrada.<\/li>\n\n\n\n<li><strong>Articula\u00e7\u00e3o com Outras Disciplinas:<\/strong> O parecer destaca a import\u00e2ncia de uma articula\u00e7\u00e3o mais clara e fluida com outras disciplinas, como <strong>Ci\u00eancias<\/strong> e <strong>Hist\u00f3ria<\/strong>, para garantir uma abordagem interdisciplinar e hol\u00edstica do Estudo do Meio.<\/li>\n\n\n\n<li><strong>Equil\u00edbrio entre Avalia\u00e7\u00e3o e Aprendizagens:<\/strong> A <strong>APROFGEO<\/strong> prop\u00f5e um reequil\u00edbrio entre as metodologias de ensino e a avalia\u00e7\u00e3o, para que o foco seja dado \u00e0 aprendizagem efetiva dos conte\u00fados, sem que a avalia\u00e7\u00e3o seja excessivamente predominante.<\/li>\n<\/ul>\n\n\n\n<h4><strong>Objetivo do Parecer:<\/strong><\/h4>\n\n\n\n<p>O objetivo deste parecer \u00e9 contribuir para um <strong>curr\u00edculo de Estudo do Meio mais claro e coerente<\/strong>, que proporcione aos alunos uma base s\u00f3lida para a compreens\u00e3o do mundo que os rodeia, ao mesmo tempo que valoriza a aprendizagem e o desenvolvimento integral das suas compet\u00eancias.<\/p>\n\n\n\n<p>&#x1f4c4; <strong>Consulte o parecer completo aqui:<\/strong> <a href=\"https:\/\/drive.google.com\/file\/d\/1OExcz-6gTgy6iFuKccx7DUwWz6PXYYQw\/view?usp=sharing\">https:\/\/drive.google.com\/file\/d\/1OExcz-6gTgy6iFuKccx7DUwWz6PXYYQw\/view?usp=sharing<\/a><\/p>\n","protected":false},"excerpt":{"rendered":"<p>Consulta P\u00fablica | Aprendizagens Essenciais de Estudo do Meio \u2013 1.\u00ba Ciclo (1.\u00ba ao 4.\u00ba Ano) A APROFGEO apresenta o seu parecer sobre as Aprendizagens Essenciais de Estudo do Meio para o 1.\u00ba Ciclo do Ensino B\u00e1sico, abrangendo os 1.\u00ba, 2.\u00ba, 3.\u00ba e 4.\u00ba anos, no \u00e2mbito da consulta p\u00fablica em curso. Este parecer resulta<a class=\"moretag\" href=\"https:\/\/www.aprofgeo.org\/wp\/?p=3338\"><span class=\"screen-reader-text\">Read more about Aprendizagens Essenciais | Parecer da APROFGEO &#8211; Estudo do Meio \u2013 1.\u00ba Ciclo (1.\u00ba ao 4.\u00ba Ano)<\/span>[&#8230;]<\/a><\/p>\n","protected":false},"author":5,"featured_media":0,"comment_status":"closed","ping_status":"closed","sticky":false,"template":"","format":"standard","meta":{"ngg_post_thumbnail":0},"categories":[1],"tags":[],"_links":{"self":[{"href":"https:\/\/www.aprofgeo.org\/wp\/index.php?rest_route=\/wp\/v2\/posts\/3338"}],"collection":[{"href":"https:\/\/www.aprofgeo.org\/wp\/index.php?rest_route=\/wp\/v2\/posts"}],"about":[{"href":"https:\/\/www.aprofgeo.org\/wp\/index.php?rest_route=\/wp\/v2\/types\/post"}],"author":[{"embeddable":true,"href":"https:\/\/www.aprofgeo.org\/wp\/index.php?rest_route=\/wp\/v2\/users\/5"}],"replies":[{"embeddable":true,"href":"https:\/\/www.aprofgeo.org\/wp\/index.php?rest_route=%2Fwp%2Fv2%2Fcomments&post=3338"}],"version-history":[{"count":4,"href":"https:\/\/www.aprofgeo.org\/wp\/index.php?rest_route=\/wp\/v2\/posts\/3338\/revisions"}],"predecessor-version":[{"id":3350,"href":"https:\/\/www.aprofgeo.org\/wp\/index.php?rest_route=\/wp\/v2\/posts\/3338\/revisions\/3350"}],"wp:attachment":[{"href":"https:\/\/www.aprofgeo.org\/wp\/index.php?rest_route=%2Fwp%2Fv2%2Fmedia&parent=3338"}],"wp:term":[{"taxonomy":"category","embeddable":true,"href":"https:\/\/www.aprofgeo.org\/wp\/index.php?rest_route=%2Fwp%2Fv2%2Fcategories&post=3338"},{"taxonomy":"post_tag","embeddable":true,"href":"https:\/\/www.aprofgeo.org\/wp\/index.php?rest_route=%2Fwp%2Fv2%2Ftags&post=3338"}],"curies":[{"name":"wp","href":"https:\/\/api.w.org\/{rel}","templated":true}]}}