{"id":3205,"date":"2026-01-22T13:53:02","date_gmt":"2026-01-22T12:53:02","guid":{"rendered":"https:\/\/www.aprofgeo.org\/wp\/?p=3205"},"modified":"2026-01-22T13:58:33","modified_gmt":"2026-01-22T12:58:33","slug":"novo-comunicado-olimpiadas-de-geografia-1-a-eliminatoria","status":"publish","type":"post","link":"https:\/\/www.aprofgeo.org\/wp\/?p=3205","title":{"rendered":"&#x1f4cc; NOVO COMUNICADO | Olimp\u00edadas de Geografia \u2013 1.\u00aa Eliminat\u00f3ria"},"content":{"rendered":"\n<figure class=\"wp-block-image size-large\"><a href=\"https:\/\/www.aprofgeo.org\/wp\/wp-content\/uploads\/2026\/01\/olimpiadas.jpeg\"><img decoding=\"async\" loading=\"lazy\" width=\"1024\" height=\"553\" src=\"https:\/\/www.aprofgeo.org\/wp\/wp-content\/uploads\/2026\/01\/olimpiadas-1024x553.jpeg\" alt=\"\" class=\"wp-image-3211\" srcset=\"https:\/\/www.aprofgeo.org\/wp\/wp-content\/uploads\/2026\/01\/olimpiadas-1024x553.jpeg 1024w, https:\/\/www.aprofgeo.org\/wp\/wp-content\/uploads\/2026\/01\/olimpiadas-300x162.jpeg 300w, https:\/\/www.aprofgeo.org\/wp\/wp-content\/uploads\/2026\/01\/olimpiadas-768x415.jpeg 768w, https:\/\/www.aprofgeo.org\/wp\/wp-content\/uploads\/2026\/01\/olimpiadas.jpeg 1056w\" sizes=\"(max-width: 1024px) 100vw, 1024px\" \/><\/a><\/figure>\n\n\n\n<p><\/p>\n\n\n\n<p>No seguimento da publica\u00e7\u00e3o relativa \u00e0 1.\u00aa Eliminat\u00f3ria das Olimp\u00edadas de Geografia, a organiza\u00e7\u00e3o informa que ap\u00f3s verifica\u00e7\u00e3o t\u00e9cnica da prova, constatou-se que a op\u00e7\u00e3o D da pergunta 35 fazia refer\u00eancia \u00e0 Rom\u00e9nia, quando deveria referir a Bulg\u00e1ria. Perante esta inconformidade, e em cumprimento dos princ\u00edpios de equidade e rigor cient\u00edfico, a organiza\u00e7\u00e3o decidiu anular o item 35.<\/p>\n\n\n\n<p>De forma a n\u00e3o prejudicar os alunos inicialmente apurados, e tendo em conta o impacto da anula\u00e7\u00e3o da quest\u00e3o nos resultados finais, foi decidido alargar o n\u00famero de apurados, com a inclus\u00e3o de mais 5 alunos, distribu\u00eddos da seguinte forma:<\/p>\n\n\n\n<p>2 alunos da \u00c1rea Metropolitana do Porto (AMP)<br>2 alunos da Regi\u00e3o Centro<br>1 aluno da Regi\u00e3o Aut\u00f3noma da Madeira<\/p>\n\n\n\n<p>&#x27a1;&#xfe0f;Assim, apresenta-se abaixo a nova lista de alunos apurados para a 2.\u00aa Eliminat\u00f3ria das Olimp\u00edadas de Geografia, j\u00e1 atualizada e definitiva:<\/p>\n\n\n\n<p>&#x1f389;Carlota Conde Pinto (Col\u00e9gio Casa M\u00e3e, AMP)<br>&#x1f389;Rodrigo Teixeira Nogueira (Col\u00e9gio Casa M\u00e3e, AMP)<br>&#x1f389;Tiago Rodrigues Pinto (Col\u00e9gio Casa M\u00e3e, AMP)<br>&#x1f389;In\u00eas Gon\u00e7alves Bazenga Magalh\u00e3es (Col\u00e9gio Casa M\u00e3e, AMP)<br>&#x1f389;Martim Tiago da Silva Fidalgo Louren\u00e7o (Escola Secund\u00e1ria Jos\u00e9 Est\u00eav\u00e3o, Centro)<br>&#x1f389;Leonardo Miguel Mendes Machado (AE D. Afonso Henriques, AMP)<br>&#x1f389;Rodrigo Miguel Borges Cec\u00edlio (Col\u00e9gio Jos\u00e9 \u00c1lvaro Vidal, AML)<br>&#x1f389;Afonso Meireles Brand\u00e3o e Batista Mota (Col\u00e9gio Casa M\u00e3e, AMP)<br>&#x1f389;R\u00faben Andr\u00e9 Lousada Rebelo (Col\u00e9gio Casa M\u00e3e, AMP)<br>&#x1f389;Mariana Sobral Nazareth Hasse Velez (Escola Secund\u00e1ria Infanta Dona Maria, Centro)<br>&#x1f389;Mafalda de Sousa Dourado Gomes Soares (Col\u00e9gio do Castanheiro, RAA)<br>&#x1f389;Guilherme Carvalheira Rom\u00e3o Baptista Trindade (EBS da Madalena, RAA)<br>&#x1f389;Madela Varela Leit\u00e3o (E. Sec. Conde de Monsaraz, Alentejo)<br>&#x1f389;Jo\u00e3o Manuel Borralho Salgueiro (Escola Secund\u00e1ria de S. Louren\u00e7o, Alentejo)<br>&#x1f389;Pedro Dinis Val\u00e9rio Alfaborrinha (AE\/ ES Dr. Francisco Fernandes Lopes, Algarve)<br>&#x1f389;Emma Tropea (AE\/ ES Dr. Francisco Fernandes Lopes, Algarve)<br>&#x1f389;Daniel Duarte Lopes Fernandes de Sousa (AE Cane\u00e7as, AML)<br>&#x1f389;Sara de Bastos Ant\u00f3nio (Secund\u00e1ria de S\u00e3o Jo\u00e3o do Estoril, AML)<br>&#x1f389;Benedita da Silva Pereira Rasteiro (Agrupamento Dr. Vieira de Carvalho, AMP)<br>&#x1f389;Gon\u00e7alo Miguel da Silva Vieira (Col\u00e9gio de N. Sra. do Ros\u00e1rio, AMP)<br>&#x1f389;Gabriel Ant\u00f3nio Dias Moreira (EBS de Cristelo, AMP)<br>&#x1f389;Tiago Alexandre Pinheiro Campos (Escola Secund\u00e1ria Diogo de Macedo, AMP)<br>&#x1f389;Matilde Marques Ventura (Escola Secund\u00e1ria Infanta Dona Maria, Centro)<br>&#x1f389;Andr\u00e9 Lopes Sim\u00f5es (Escola Dr. Solano de Abreu, Centro)<br>&#x1f389;Andreia Sofia Mendes Loureiro (EBS Dr. Jaime Magalh\u00e3es Lima, Centro)<br>&#x1f389;Leonor Neves Santos (Escola Secund\u00e1ria Infanta Dona Maria, Centro)<br>&#x1f389;Sim\u00e3o de Carvalho Vasconcelos (B+S com P\/C Bispo D. Manuel Ferreira Cabral, RAM)<br>&#x1f389;Jo\u00e3o Pedro Gon\u00e7alves da Silva (B+S com P\/C Bispo D. Manuel Ferreira Cabral, RAM)<br>&#x1f389;Beatriz Barreto Jesus (B+S com P\/C Bispo D. Manuel Ferreira Cabral, RAM)<br>&#x1f389;Tiago Jos\u00e9 Correia Cardoso da Silva (Secund\u00e1ria Pe. Benjamim Salgado, Norte)<br>&#x1f389;Tom\u00e1s Jos\u00e9 Afonso Fernandes (AE de Macedo de Cavaleiros, Norte)<\/p>\n\n\n\n<p>A organiza\u00e7\u00e3o lamenta qualquer constrangimento causado, agradece a Vossa compreens\u00e3o e reitera o seu compromisso com a transpar\u00eancia, o rigor cient\u00edfico e a justi\u00e7a no processo de avalia\u00e7\u00e3o, valores que norteiam as Olimp\u00edadas de Geografia.<\/p>\n\n\n\n<p>&#x1f44f; Parab\u00e9ns a todos os alunos apurados e o nosso reconhecimento a todos os participantes, professores e escolas envolvidas.<\/p>\n","protected":false},"excerpt":{"rendered":"<p>No seguimento da publica\u00e7\u00e3o relativa \u00e0 1.\u00aa Eliminat\u00f3ria das Olimp\u00edadas de Geografia, a organiza\u00e7\u00e3o informa que ap\u00f3s verifica\u00e7\u00e3o t\u00e9cnica da prova, constatou-se que a op\u00e7\u00e3o D da pergunta 35 fazia refer\u00eancia \u00e0 Rom\u00e9nia, quando deveria referir a Bulg\u00e1ria. Perante esta inconformidade, e em cumprimento dos princ\u00edpios de equidade e rigor cient\u00edfico, a organiza\u00e7\u00e3o decidiu anular<a class=\"moretag\" href=\"https:\/\/www.aprofgeo.org\/wp\/?p=3205\"><span class=\"screen-reader-text\">Read more about &#x1f4cc; NOVO COMUNICADO | Olimp\u00edadas de Geografia \u2013 1.\u00aa Eliminat\u00f3ria<\/span>[&#8230;]<\/a><\/p>\n","protected":false},"author":5,"featured_media":0,"comment_status":"closed","ping_status":"closed","sticky":false,"template":"","format":"standard","meta":{"ngg_post_thumbnail":0},"categories":[1],"tags":[],"_links":{"self":[{"href":"https:\/\/www.aprofgeo.org\/wp\/index.php?rest_route=\/wp\/v2\/posts\/3205"}],"collection":[{"href":"https:\/\/www.aprofgeo.org\/wp\/index.php?rest_route=\/wp\/v2\/posts"}],"about":[{"href":"https:\/\/www.aprofgeo.org\/wp\/index.php?rest_route=\/wp\/v2\/types\/post"}],"author":[{"embeddable":true,"href":"https:\/\/www.aprofgeo.org\/wp\/index.php?rest_route=\/wp\/v2\/users\/5"}],"replies":[{"embeddable":true,"href":"https:\/\/www.aprofgeo.org\/wp\/index.php?rest_route=%2Fwp%2Fv2%2Fcomments&post=3205"}],"version-history":[{"count":5,"href":"https:\/\/www.aprofgeo.org\/wp\/index.php?rest_route=\/wp\/v2\/posts\/3205\/revisions"}],"predecessor-version":[{"id":3213,"href":"https:\/\/www.aprofgeo.org\/wp\/index.php?rest_route=\/wp\/v2\/posts\/3205\/revisions\/3213"}],"wp:attachment":[{"href":"https:\/\/www.aprofgeo.org\/wp\/index.php?rest_route=%2Fwp%2Fv2%2Fmedia&parent=3205"}],"wp:term":[{"taxonomy":"category","embeddable":true,"href":"https:\/\/www.aprofgeo.org\/wp\/index.php?rest_route=%2Fwp%2Fv2%2Fcategories&post=3205"},{"taxonomy":"post_tag","embeddable":true,"href":"https:\/\/www.aprofgeo.org\/wp\/index.php?rest_route=%2Fwp%2Fv2%2Ftags&post=3205"}],"curies":[{"name":"wp","href":"https:\/\/api.w.org\/{rel}","templated":true}]}}