{"id":3195,"date":"2026-01-21T20:41:31","date_gmt":"2026-01-21T19:41:31","guid":{"rendered":"https:\/\/www.aprofgeo.org\/wp\/?p=3195"},"modified":"2026-01-22T13:44:52","modified_gmt":"2026-01-22T12:44:52","slug":"olimpiadas-da-geografia-pt","status":"publish","type":"post","link":"https:\/\/www.aprofgeo.org\/wp\/?p=3195","title":{"rendered":"OLIMP\u00cdADAS DA GEOGRAFIA 2025-2026 | PT"},"content":{"rendered":"\n<p>&#x1f4cd;&#x1f30d; Realizou-se hoje a 1.\u00aa Eliminat\u00f3ria das Olimp\u00edadas de Geografia &#x270f;&#xfe0f;&#x1f5fa;&#xfe0f;<\/p>\n\n\n\n<figure class=\"wp-block-image size-large\"><a href=\"https:\/\/www.aprofgeo.org\/wp\/wp-content\/uploads\/2026\/01\/Captura-de-ecra-2026-01-21-194008.png\"><img decoding=\"async\" loading=\"lazy\" width=\"1024\" height=\"554\" src=\"https:\/\/www.aprofgeo.org\/wp\/wp-content\/uploads\/2026\/01\/Captura-de-ecra-2026-01-21-194008-1024x554.png\" alt=\"\" class=\"wp-image-3196\" srcset=\"https:\/\/www.aprofgeo.org\/wp\/wp-content\/uploads\/2026\/01\/Captura-de-ecra-2026-01-21-194008-1024x554.png 1024w, https:\/\/www.aprofgeo.org\/wp\/wp-content\/uploads\/2026\/01\/Captura-de-ecra-2026-01-21-194008-300x162.png 300w, https:\/\/www.aprofgeo.org\/wp\/wp-content\/uploads\/2026\/01\/Captura-de-ecra-2026-01-21-194008-768x416.png 768w, https:\/\/www.aprofgeo.org\/wp\/wp-content\/uploads\/2026\/01\/Captura-de-ecra-2026-01-21-194008.png 1491w\" sizes=\"(max-width: 1024px) 100vw, 1024px\" \/><\/a><\/figure>\n\n\n\n<p>Hoje foi dia de Geografia em a\u00e7\u00e3o, com a realiza\u00e7\u00e3o da 1.\u00aa Eliminat\u00f3ria das Olimp\u00edadas de Geografia, que contou com uma participa\u00e7\u00e3o extraordin\u00e1ria:<br>&#x1f469;&#x200d;&#x1f393;&#x1f468;&#x200d;&#x1f393; 1267 alunos inscritos<br>&#x270d;&#xfe0f; 934 alunos realizantes<br>&#x1f3eb; 92 escolas de todo o pa\u00eds<br><\/p>\n\n\n\n<p>Esta primeira fase foi um verdadeiro momento de celebra\u00e7\u00e3o da literacia geogr\u00e1fica, do pensamento cr\u00edtico e da capacidade de ler, interpretar e compreender o territ\u00f3rio, colocando em pr\u00e1tica conhecimentos e compet\u00eancias essenciais da Geografia &#x1f310;&#x1f4ca;<br><\/p>\n\n\n\n<p>&#x27a1;&#xfe0f;&#x1f3c6; Apuramento para a 2.\u00aa Eliminat\u00f3ria<br>Passam \u00e0 2.\u00aa Eliminat\u00f3ria das Olimp\u00edadas de Geografia os seguintes alunos:<\/p>\n\n\n\n<p><br>&#x1f389;Carlota Conde Pinto (Col\u00e9gio Casa M\u00e3e, AMP)<br>&#x1f389;Rodrigo Teixeira Nogueira (Col\u00e9gio Casa M\u00e3e, AMP)<br>&#x1f389; Tiago Rodrigues Pinto (Col\u00e9gio Casa M\u00e3e, AMP)<br>&#x1f389; In\u00eas Gon\u00e7alves Bazenga Magalh\u00e3es (Col\u00e9gio Casa M\u00e3e, AMP)<br>&#x1f389; Martim Tiago da Silva Fidalgo Louren\u00e7o (Escola Secund\u00e1ria Jos\u00e9 Est\u00eav\u00e3o, Centro)<br>&#x1f389; Leonardo Miguel Mendes Machado (AE D. Afonso Henriques, AMP)<br>&#x1f389; Mariana Sobral Nazareth Hasse Velez (Escola Secund\u00e1ria Infanta Dona Maria, Centro)<br>&#x1f389; Rodrigo Miguel Borges Cec\u00edlio (Col\u00e9gio Jos\u00e9 \u00c1lvaro Vidal, AML)<br>&#x1f389; Afonso Meireles Brand\u00e3o e Batista Mota (Col\u00e9gio Casa M\u00e3e, AMP)<br>&#x1f389; R\u00faben Andr\u00e9 Lousada Rebelo (Col\u00e9gio Casa M\u00e3e, AMP)<br>&#x1f389; Mafalda de Sousa Dourado Gomes Soares (Col\u00e9gio do Castanheiro, RAA)<br>&#x1f389; Guilherme Carvalheira Rom\u00e3o Baptista Trindade (EBS da Madalena, RAA)<br>&#x1f389; Madela Varela Leit\u00e3o (E. Sec. Conde de Monsaraz, Alentejo)<br>&#x1f389; Jo\u00e3o Manuel Borralho Salgueiro (Escola Secund\u00e1ria de S. Louren\u00e7o, Alentejo)<br>&#x1f389; Pedro Dinis Val\u00e9rio Alfaborrinha (AE\/ ES Dr. Francisco Fernandes Lopes, Algarve)<br>&#x1f389; Emma Tropea (AE\/ ES Dr. Francisco Fernandes Lopes, Algarve)<br>&#x1f389; Daniel Duarte Lopes Fernandes de Sousa (AE Cane\u00e7as, AML)<br>&#x1f389; Sara de Bastos Ant\u00f3nio (Secund\u00e1ria de S\u00e3o Jo\u00e3o do Estoril, AML)<br>&#x1f389; Benedita da Silva Pereira Rasteiro (Agrupamento Dr. Vieira de Carvalho, AMP)<br>&#x1f389; Tiago Alexandre Pinheiro Campos (Escola Secund\u00e1ria Diogo de Macedo, AMP)<br>&#x1f389; Matilde Marques Ventura (Escola Secund\u00e1ria Infanta Dona Maria, Centro)<br>&#x1f389; Leonor Neves Santos (Escola Secund\u00e1ria Infanta Dona Maria, Centro)<br>&#x1f389; Sim\u00e3o de Carvalho Vasconcelos (B+S com P\/C Bispo D. Manuel Ferreira Cabral, RAM)<br>&#x1f389; Beatriz Barreto Jesus (B+S com P\/C Bispo D. Manuel Ferreira Cabral, RAM)<br>&#x1f389; Tiago Jos\u00e9 Correia Cardoso da Silva (Secund\u00e1ria Pe. Benjamim Salgado, Norte)<br>&#x1f389; Tom\u00e1s Jos\u00e9 Afonso Fernandes (AE de Macedo de Cavaleiros, Norte)<br><\/p>\n\n\n\n<p>&#x1f44f;&#x1f31f; Parab\u00e9ns a todos os participantes, professores e escolas pelo empenho, entusiasmo e qualidade do trabalho desenvolvido! Com muito orgulho e gratid\u00e3o, deixamos uma palavra especial aos professores de Geografia, cuja dedica\u00e7\u00e3o, entusiasmo e compromisso di\u00e1rio tornam poss\u00edveis momentos como este \u2014 o vosso trabalho inspira, mobiliza e faz crescer cidad\u00e3os mais conscientes do mundo que habitam. Parab\u00e9ns!<br><\/p>\n\n\n\n<p>&#x1f3c5;&#x1f389; Parab\u00e9ns especiais aos alunos apurados \u2014 desejamos uma excelente continua\u00e7\u00e3o na 2.\u00aa Eliminat\u00f3ria!<\/p>\n","protected":false},"excerpt":{"rendered":"<p>&#x1f4cd;&#x1f30d; Realizou-se hoje a 1.\u00aa Eliminat\u00f3ria das Olimp\u00edadas de Geografia &#x270f;&#xfe0f;&#x1f5fa;&#xfe0f; Hoje foi dia de Geografia em a\u00e7\u00e3o, com a realiza\u00e7\u00e3o da 1.\u00aa Eliminat\u00f3ria das Olimp\u00edadas de Geografia, que contou com uma participa\u00e7\u00e3o extraordin\u00e1ria:&#x1f469;&#x200d;&#x1f393;&#x1f468;&#x200d;&#x1f393; 1267 alunos inscritos&#x270d;&#xfe0f; 934 alunos realizantes&#x1f3eb; 92 escolas de todo o pa\u00eds Esta primeira fase foi um verdadeiro momento de celebra\u00e7\u00e3o<a class=\"moretag\" href=\"https:\/\/www.aprofgeo.org\/wp\/?p=3195\"><span class=\"screen-reader-text\">Read more about OLIMP\u00cdADAS DA GEOGRAFIA 2025-2026 | PT<\/span>[&#8230;]<\/a><\/p>\n","protected":false},"author":5,"featured_media":0,"comment_status":"closed","ping_status":"closed","sticky":false,"template":"","format":"standard","meta":{"ngg_post_thumbnail":0},"categories":[1],"tags":[],"_links":{"self":[{"href":"https:\/\/www.aprofgeo.org\/wp\/index.php?rest_route=\/wp\/v2\/posts\/3195"}],"collection":[{"href":"https:\/\/www.aprofgeo.org\/wp\/index.php?rest_route=\/wp\/v2\/posts"}],"about":[{"href":"https:\/\/www.aprofgeo.org\/wp\/index.php?rest_route=\/wp\/v2\/types\/post"}],"author":[{"embeddable":true,"href":"https:\/\/www.aprofgeo.org\/wp\/index.php?rest_route=\/wp\/v2\/users\/5"}],"replies":[{"embeddable":true,"href":"https:\/\/www.aprofgeo.org\/wp\/index.php?rest_route=%2Fwp%2Fv2%2Fcomments&post=3195"}],"version-history":[{"count":5,"href":"https:\/\/www.aprofgeo.org\/wp\/index.php?rest_route=\/wp\/v2\/posts\/3195\/revisions"}],"predecessor-version":[{"id":3204,"href":"https:\/\/www.aprofgeo.org\/wp\/index.php?rest_route=\/wp\/v2\/posts\/3195\/revisions\/3204"}],"wp:attachment":[{"href":"https:\/\/www.aprofgeo.org\/wp\/index.php?rest_route=%2Fwp%2Fv2%2Fmedia&parent=3195"}],"wp:term":[{"taxonomy":"category","embeddable":true,"href":"https:\/\/www.aprofgeo.org\/wp\/index.php?rest_route=%2Fwp%2Fv2%2Fcategories&post=3195"},{"taxonomy":"post_tag","embeddable":true,"href":"https:\/\/www.aprofgeo.org\/wp\/index.php?rest_route=%2Fwp%2Fv2%2Ftags&post=3195"}],"curies":[{"name":"wp","href":"https:\/\/api.w.org\/{rel}","templated":true}]}}