{"id":3133,"date":"2025-12-14T13:03:05","date_gmt":"2025-12-14T12:03:05","guid":{"rendered":"https:\/\/www.aprofgeo.org\/wp\/?p=3133"},"modified":"2026-02-03T13:46:43","modified_gmt":"2026-02-03T12:46:43","slug":"%f0%9f%94%94-inscricoes-abertas-8-a-edicao-das-olimpiadas-portuguesas-da-geografia-2026-%f0%9f%8c%8d","status":"publish","type":"post","link":"https:\/\/www.aprofgeo.org\/wp\/?p=3133","title":{"rendered":"&#x1f514; INSCRI\u00c7\u00d5ES ABERTAS | NOVAS DATAS | XVIII EDI\u00c7\u00c3O DAS OLIMP\u00cdADAS PORTUGUESAS DA GEOGRAFIA (2026) &#x1f30d;"},"content":{"rendered":"\n<p><\/p>\n\n\n\n<p>A Geografia volta a estar no centro do desafio nacional! Est\u00e3o oficialmente abertas as inscri\u00e7\u00f5es para a <strong>8.\u00aa edi\u00e7\u00e3o das Olimp\u00edadas Portuguesas da Geografia<\/strong>, uma iniciativa que promove o gosto pela Geografia, o pensamento cr\u00edtico e a literacia territorial entre os jovens do ensino secund\u00e1rio.<\/p>\n\n\n\n<p>&#x1f449; <strong>Destinat\u00e1rios<\/strong><br>Estudantes do <strong>10.\u00ba, 11.\u00ba e 12.\u00ba anos<\/strong>, com interesse pela Geografia e vontade de representar a sua escola a n\u00edvel nacional.<\/p>\n\n\n\n<p>&#x1f5d3; <strong>Calend\u00e1rio<\/strong><\/p>\n\n\n\n<ul>\n<li><strong>Inscri\u00e7\u00f5es:<\/strong> at\u00e9 <strong>10 de janeiro 2026<\/strong><\/li>\n\n\n\n<li><strong>1.\u00aa Eliminat\u00f3ria:<\/strong> <strong>21 de janeiro de 2026<\/strong><\/li>\n\n\n\n<li><strong>2.\u00aa Eliminat\u00f3ria:<\/strong> <strong>29 de abril de 2026<\/strong><\/li>\n<\/ul>\n\n\n\n<p>&#x1f3c6; <strong>Porqu\u00ea participar?<\/strong><\/p>\n\n\n\n<ul>\n<li>Consolidar e aprofundar conhecimentos geogr\u00e1ficos;<\/li>\n\n\n\n<li>Desenvolver compet\u00eancias em <strong>an\u00e1lise espacial, geopol\u00edtica, ambiente e ordenamento do territ\u00f3rio<\/strong>;<\/li>\n\n\n\n<li>Representar a escola numa competi\u00e7\u00e3o nacional de refer\u00eancia;<\/li>\n\n\n\n<li>Ganhar pr\u00e9mios e habilitar-se a <strong>representar Portugal nas Olimp\u00edadas Internacionais de Geografia<\/strong>.<\/li>\n<\/ul>\n\n\n\n<p>&#x1f4cc; <strong>Como participar?<\/strong><br>1&#xfe0f;&#x20e3; Preencher o formul\u00e1rio de inscri\u00e7\u00e3o:<br>&#x1f449; <a href=\"https:\/\/docs.google.com\/...\/1FAIpQLSeYwjg41nwvND...\/viewform\">https:\/\/docs.google.com\/&#8230;\/1FAIpQLSeYwjg41nwvND&#8230;\/viewform<\/a><\/p>\n\n\n\n<p>2&#xfe0f;&#x20e3; Consultar o regulamento completo:<\/p>\n\n\n\n<ul>\n<li>Site da Associa\u00e7\u00e3o Portuguesa de Ge\u00f3grafos (APGEO):<br>&#x1f449; <a href=\"https:\/\/apgeo.pt\/httpsapgolimpiadaswixsitecomgeografia\">https:\/\/apgeo.pt\/httpsapgolimpiadaswixsitecomgeografia<\/a><\/li>\n\n\n\n<li>Site das Olimp\u00edadas Portuguesas da Geografia:<br>&#x1f449; <a href=\"https:\/\/apgolimpiadas.wixsite.com\/geografia\/\">https:\/\/apgolimpiadas.wixsite.com\/geografia\/<\/a><\/li>\n<\/ul>\n\n\n\n<p>&#x1f30d; <strong>Desafia-te, pensa o territ\u00f3rio e faz da Geografia o teu palco!<\/strong><br>Partilha esta oportunidade com a tua escola e junta-te \u00e0s Olimp\u00edadas Portuguesas da Geografia 2026.<\/p>\n\n\n\n<figure class=\"wp-block-image size-large\"><a href=\"https:\/\/www.aprofgeo.org\/wp\/wp-content\/uploads\/2025\/12\/585563673_1256243033199510_1984602450446127145_n.jpg\"><img decoding=\"async\" loading=\"lazy\" width=\"1024\" height=\"558\" src=\"https:\/\/www.aprofgeo.org\/wp\/wp-content\/uploads\/2025\/12\/585563673_1256243033199510_1984602450446127145_n-1024x558.jpg\" alt=\"\" class=\"wp-image-3134\" srcset=\"https:\/\/www.aprofgeo.org\/wp\/wp-content\/uploads\/2025\/12\/585563673_1256243033199510_1984602450446127145_n-1024x558.jpg 1024w, https:\/\/www.aprofgeo.org\/wp\/wp-content\/uploads\/2025\/12\/585563673_1256243033199510_1984602450446127145_n-300x164.jpg 300w, https:\/\/www.aprofgeo.org\/wp\/wp-content\/uploads\/2025\/12\/585563673_1256243033199510_1984602450446127145_n-768x419.jpg 768w, https:\/\/www.aprofgeo.org\/wp\/wp-content\/uploads\/2025\/12\/585563673_1256243033199510_1984602450446127145_n.jpg 1080w\" sizes=\"(max-width: 1024px) 100vw, 1024px\" \/><\/a><\/figure>\n","protected":false},"excerpt":{"rendered":"<p>A Geografia volta a estar no centro do desafio nacional! Est\u00e3o oficialmente abertas as inscri\u00e7\u00f5es para a 8.\u00aa edi\u00e7\u00e3o das Olimp\u00edadas Portuguesas da Geografia, uma iniciativa que promove o gosto pela Geografia, o pensamento cr\u00edtico e a literacia territorial entre os jovens do ensino secund\u00e1rio. &#x1f449; Destinat\u00e1riosEstudantes do 10.\u00ba, 11.\u00ba e 12.\u00ba anos, com interesse<a class=\"moretag\" href=\"https:\/\/www.aprofgeo.org\/wp\/?p=3133\"><span class=\"screen-reader-text\">Read more about &#x1f514; INSCRI\u00c7\u00d5ES ABERTAS | NOVAS DATAS | XVIII EDI\u00c7\u00c3O DAS OLIMP\u00cdADAS PORTUGUESAS DA GEOGRAFIA (2026) &#x1f30d;<\/span>[&#8230;]<\/a><\/p>\n","protected":false},"author":5,"featured_media":3134,"comment_status":"closed","ping_status":"closed","sticky":false,"template":"","format":"standard","meta":{"ngg_post_thumbnail":0},"categories":[1],"tags":[],"_links":{"self":[{"href":"https:\/\/www.aprofgeo.org\/wp\/index.php?rest_route=\/wp\/v2\/posts\/3133"}],"collection":[{"href":"https:\/\/www.aprofgeo.org\/wp\/index.php?rest_route=\/wp\/v2\/posts"}],"about":[{"href":"https:\/\/www.aprofgeo.org\/wp\/index.php?rest_route=\/wp\/v2\/types\/post"}],"author":[{"embeddable":true,"href":"https:\/\/www.aprofgeo.org\/wp\/index.php?rest_route=\/wp\/v2\/users\/5"}],"replies":[{"embeddable":true,"href":"https:\/\/www.aprofgeo.org\/wp\/index.php?rest_route=%2Fwp%2Fv2%2Fcomments&post=3133"}],"version-history":[{"count":3,"href":"https:\/\/www.aprofgeo.org\/wp\/index.php?rest_route=\/wp\/v2\/posts\/3133\/revisions"}],"predecessor-version":[{"id":3146,"href":"https:\/\/www.aprofgeo.org\/wp\/index.php?rest_route=\/wp\/v2\/posts\/3133\/revisions\/3146"}],"wp:featuredmedia":[{"embeddable":true,"href":"https:\/\/www.aprofgeo.org\/wp\/index.php?rest_route=\/wp\/v2\/media\/3134"}],"wp:attachment":[{"href":"https:\/\/www.aprofgeo.org\/wp\/index.php?rest_route=%2Fwp%2Fv2%2Fmedia&parent=3133"}],"wp:term":[{"taxonomy":"category","embeddable":true,"href":"https:\/\/www.aprofgeo.org\/wp\/index.php?rest_route=%2Fwp%2Fv2%2Fcategories&post=3133"},{"taxonomy":"post_tag","embeddable":true,"href":"https:\/\/www.aprofgeo.org\/wp\/index.php?rest_route=%2Fwp%2Fv2%2Ftags&post=3133"}],"curies":[{"name":"wp","href":"https:\/\/api.w.org\/{rel}","templated":true}]}}