{"id":3126,"date":"2025-12-14T12:54:32","date_gmt":"2025-12-14T11:54:32","guid":{"rendered":"https:\/\/www.aprofgeo.org\/wp\/?p=3126"},"modified":"2025-12-14T13:11:01","modified_gmt":"2025-12-14T12:11:01","slug":"campanha-novo-socio-aprofgeo-2025-oferta-especial-para-associados","status":"publish","type":"post","link":"https:\/\/www.aprofgeo.org\/wp\/?p=3126","title":{"rendered":"CAMPANHA NOVO S\u00d3CIO APROFGEO 2025 | + OFERTA ESPECIAL PARA ASSOCIADOS"},"content":{"rendered":"\n<p>Car@ Associad@,<\/p>\n\n\n\n<p>A APROFGEO lan\u00e7a, no \u00e2mbito da Campanha de Dezembro \u2013 NOVO S\u00d3CIO APROFGEO 2025, uma iniciativa especial dirigida aos seus associados, refor\u00e7ando o esp\u00edrito de comunidade e o compromisso com a valoriza\u00e7\u00e3o da Educa\u00e7\u00e3o Geogr\u00e1fica.<\/p>\n\n\n\n<p>Com o mote \u201cN\u00e3o h\u00e1 futuro sustent\u00e1vel sem literacia geogr\u00e1fica\u201d, esta campanha pretende alargar a nossa rede e envolver cada vez mais professores, estudantes dos mestrados em Ensino (com licenciatura em Geografia) e profissionais comprometidos com uma Geografia forte, cr\u00edtica e humanista.<\/p>\n\n\n\n<p><img decoding=\"async\" loading=\"lazy\" height=\"16\" width=\"16\" alt=\"&#x1f449;\" src=\"https:\/\/static.xx.fbcdn.net\/images\/emoji.php\/v9\/t8f\/3\/16\/1f449.png\"> Incentivo aos Associados<\/p>\n\n\n\n<p>Sempre que um\/a associado\/a apadrinhar a ades\u00e3o de um novo s\u00f3cio, a APROFGEO oferece uma a\u00e7\u00e3o de forma\u00e7\u00e3o acreditada de 25 horas, a usufruir ao longo de 2026.<\/p>\n\n\n\n<p>Esta iniciativa visa reconhecer o papel ativo dos associados na divulga\u00e7\u00e3o e fortalecimento da Associa\u00e7\u00e3o, contribuindo diretamente para a defesa do ensino da Geografia e para o refor\u00e7o da nossa comunidade profissional.<\/p>\n\n\n\n<p>Recordamos que, durante o m\u00eas de dezembro, os novos s\u00f3cios beneficiam de condi\u00e7\u00f5es especiais, pagando apenas a j\u00f3ia de inscri\u00e7\u00e3o (8\u20ac), ficando a quota anual de 40\u20ac para pagamento at\u00e9 julho de 2026.<\/p>\n\n\n\n<p>Para formalizar a ades\u00e3o, basta preencher os formul\u00e1rios dispon\u00edveis em: EXCLUSIVO DE S\u00d3CIOS &#8211; NOVO S\u00d3CIO.<\/p>\n\n\n\n<p>Contamos consigo para continuar a fazer crescer a Comunidade dos professores de Geografia, fortalecendo a APROFGEO e valorizando o papel da Educa\u00e7\u00e3o Geogr\u00e1fica em Portugal.<\/p>\n\n\n\n<p>Para mais informa\u00e7\u00f5es ou esclarecimentos, estamos como sempre dispon\u00edveis.<\/p>\n\n\n\n<p>Com os melhores cumprimentos,<\/p>\n\n\n\n<p>A Dire\u00e7\u00e3o<\/p>\n\n\n\n<figure class=\"wp-block-image size-large\"><a href=\"https:\/\/www.aprofgeo.org\/wp\/wp-content\/uploads\/2025\/12\/image.png\"><img decoding=\"async\" loading=\"lazy\" width=\"1024\" height=\"576\" src=\"https:\/\/www.aprofgeo.org\/wp\/wp-content\/uploads\/2025\/12\/image-1024x576.png\" alt=\"\" class=\"wp-image-3128\" srcset=\"https:\/\/www.aprofgeo.org\/wp\/wp-content\/uploads\/2025\/12\/image-1024x576.png 1024w, https:\/\/www.aprofgeo.org\/wp\/wp-content\/uploads\/2025\/12\/image-300x169.png 300w, https:\/\/www.aprofgeo.org\/wp\/wp-content\/uploads\/2025\/12\/image-768x432.png 768w, https:\/\/www.aprofgeo.org\/wp\/wp-content\/uploads\/2025\/12\/image.png 1280w\" sizes=\"(max-width: 1024px) 100vw, 1024px\" \/><\/a><\/figure>\n","protected":false},"excerpt":{"rendered":"<p>Car@ Associad@, A APROFGEO lan\u00e7a, no \u00e2mbito da Campanha de Dezembro \u2013 NOVO S\u00d3CIO APROFGEO 2025, uma iniciativa especial dirigida aos seus associados, refor\u00e7ando o esp\u00edrito de comunidade e o compromisso com a valoriza\u00e7\u00e3o da Educa\u00e7\u00e3o Geogr\u00e1fica. Com o mote \u201cN\u00e3o h\u00e1 futuro sustent\u00e1vel sem literacia geogr\u00e1fica\u201d, esta campanha pretende alargar a nossa rede e<a class=\"moretag\" href=\"https:\/\/www.aprofgeo.org\/wp\/?p=3126\"><span class=\"screen-reader-text\">Read more about CAMPANHA NOVO S\u00d3CIO APROFGEO 2025 | + OFERTA ESPECIAL PARA ASSOCIADOS<\/span>[&#8230;]<\/a><\/p>\n","protected":false},"author":5,"featured_media":3131,"comment_status":"closed","ping_status":"closed","sticky":false,"template":"","format":"standard","meta":{"ngg_post_thumbnail":0},"categories":[1],"tags":[],"_links":{"self":[{"href":"https:\/\/www.aprofgeo.org\/wp\/index.php?rest_route=\/wp\/v2\/posts\/3126"}],"collection":[{"href":"https:\/\/www.aprofgeo.org\/wp\/index.php?rest_route=\/wp\/v2\/posts"}],"about":[{"href":"https:\/\/www.aprofgeo.org\/wp\/index.php?rest_route=\/wp\/v2\/types\/post"}],"author":[{"embeddable":true,"href":"https:\/\/www.aprofgeo.org\/wp\/index.php?rest_route=\/wp\/v2\/users\/5"}],"replies":[{"embeddable":true,"href":"https:\/\/www.aprofgeo.org\/wp\/index.php?rest_route=%2Fwp%2Fv2%2Fcomments&post=3126"}],"version-history":[{"count":3,"href":"https:\/\/www.aprofgeo.org\/wp\/index.php?rest_route=\/wp\/v2\/posts\/3126\/revisions"}],"predecessor-version":[{"id":3137,"href":"https:\/\/www.aprofgeo.org\/wp\/index.php?rest_route=\/wp\/v2\/posts\/3126\/revisions\/3137"}],"wp:featuredmedia":[{"embeddable":true,"href":"https:\/\/www.aprofgeo.org\/wp\/index.php?rest_route=\/wp\/v2\/media\/3131"}],"wp:attachment":[{"href":"https:\/\/www.aprofgeo.org\/wp\/index.php?rest_route=%2Fwp%2Fv2%2Fmedia&parent=3126"}],"wp:term":[{"taxonomy":"category","embeddable":true,"href":"https:\/\/www.aprofgeo.org\/wp\/index.php?rest_route=%2Fwp%2Fv2%2Fcategories&post=3126"},{"taxonomy":"post_tag","embeddable":true,"href":"https:\/\/www.aprofgeo.org\/wp\/index.php?rest_route=%2Fwp%2Fv2%2Ftags&post=3126"}],"curies":[{"name":"wp","href":"https:\/\/api.w.org\/{rel}","templated":true}]}}