{"id":2989,"date":"2025-07-11T13:07:41","date_gmt":"2025-07-11T12:07:41","guid":{"rendered":"https:\/\/www.aprofgeo.org\/wp\/?p=2989"},"modified":"2025-07-11T13:07:46","modified_gmt":"2025-07-11T12:07:46","slug":"concurso-para-alunos-no-caminho-das-mudancas-climaticas","status":"publish","type":"post","link":"https:\/\/www.aprofgeo.org\/wp\/?p=2989","title":{"rendered":"CONCURSO PARA ALUNOS | &#8220;No caminho das mudan\u00e7as clim\u00e1ticas&#8221;"},"content":{"rendered":"\n<p>7.\u00aa EDI\u00c7\u00c3O | APROFGEO<\/p>\n\n\n\n<figure class=\"wp-block-image size-full\"><a href=\"https:\/\/www.aprofgeo.org\/wp\/wp-content\/uploads\/2025\/07\/Captura-de-ecra-2025-07-11-130422.png\"><img decoding=\"async\" loading=\"lazy\" width=\"437\" height=\"563\" src=\"https:\/\/www.aprofgeo.org\/wp\/wp-content\/uploads\/2025\/07\/Captura-de-ecra-2025-07-11-130422.png\" alt=\"\" class=\"wp-image-2990\" srcset=\"https:\/\/www.aprofgeo.org\/wp\/wp-content\/uploads\/2025\/07\/Captura-de-ecra-2025-07-11-130422.png 437w, https:\/\/www.aprofgeo.org\/wp\/wp-content\/uploads\/2025\/07\/Captura-de-ecra-2025-07-11-130422-233x300.png 233w\" sizes=\"(max-width: 437px) 100vw, 437px\" \/><\/a><\/figure>\n\n\n\n<p><\/p>\n\n\n\n<p>Este Concurso Nacional (7.\u00aa edi\u00e7\u00e3o) \u00e9 dirigido a alunos de Geografia do 3.\u00ba Ciclo do Ensino B\u00e1sico e do Ensino Secund\u00e1rio.<\/p>\n\n\n\n<p>De <a><\/a>entre as principais finalidades, este concurso visa investigar fen\u00f3menos relacionados com a variabilidade clim\u00e1tica, atrav\u00e9s da realiza\u00e7\u00e3o de um estudo de caso, evidenciando o sentido de perten\u00e7a ao territ\u00f3rio numa perspetiva de sustentabilidade.<\/p>\n\n\n\n<p>As candidaturas dever\u00e3o ser formalizadas at\u00e9 ao dia 31 de janeiro de 2026, mediante o preenchimento deste formul\u00e1rio pelo professor respons\u00e1vel do projeto.<\/p>\n\n\n\n<p>O Regulamento do concurso est\u00e1 dispon\u00edvel em <a href=\"https:\/\/drive.google.com\/file\/d\/1IIc34TQxE0I-FhTMjlLROo6SYnL1hII4\/view?usp=sharing&amp;fbclid=IwZXh0bgNhZW0CMTAAYnJpZBExdXFmV0dCUlNlaXc2cnQxOQEeQS5mTS1byMrdNCik-09MsLysUNoVCbJ2K96ARGAV5fIDwBqw7_Rsilrje_M_aem_AdJw3JS2Uo-DhowUo_NArw\" rel=\"noreferrer noopener\" target=\"_blank\">https:\/\/drive.google.com\/&#8230;\/1IIc34TQxE0I&#8230;\/view&#8230;<\/a> .<\/p>\n\n\n\n<p>A apresenta\u00e7\u00e3o do projeto efetua-se mediante o preenchimento em linha (online) do formul\u00e1rio dispon\u00edvel em <a href=\"https:\/\/forms.gle\/m5fdDK7MHWZfs8mk8?fbclid=IwZXh0bgNhZW0CMTAAYnJpZBExdXFmV0dCUlNlaXc2cnQxOQEe3llU9KbXfApcnvZ_LY0IvAeA-TppoSYgwIsu74gq6elHRUuk1EZbZJ1-C_0_aem_SjTPJQ5wmOEWO56aYRKZEA\" rel=\"noreferrer noopener\" target=\"_blank\">https:\/\/forms.gle\/m5fdDK7MHWZfs8mk8<\/a> .<\/p>\n\n\n\n<p>Qualquer d\u00favida dever\u00e1 ser remetida para o email da APG &#8211; <a href=\"aprofgeo@gmail.com\">aprofgeo@gmail.com<\/a> <\/p>\n\n\n\n<div class=\"wp-block-file\"><object class=\"wp-block-file__embed\" data=\"https:\/\/www.aprofgeo.org\/wp\/wp-content\/uploads\/2025\/07\/7a-Edicao_alteracoes_climaticas_regulamento.pdf\" type=\"application\/pdf\" style=\"width:100%;height:600px\" aria-label=\"Incorpora\u00e7\u00e3o de 7a-Edicao_alteracoes_climaticas_regulamento.\"><\/object><a id=\"wp-block-file--media-2d2dc933-3d47-4eae-bc84-c7dd943eafd5\" href=\"https:\/\/www.aprofgeo.org\/wp\/wp-content\/uploads\/2025\/07\/7a-Edicao_alteracoes_climaticas_regulamento.pdf\">7a-Edicao_alteracoes_climaticas_regulamento<\/a><a href=\"https:\/\/www.aprofgeo.org\/wp\/wp-content\/uploads\/2025\/07\/7a-Edicao_alteracoes_climaticas_regulamento.pdf\" class=\"wp-block-file__button wp-element-button\" download aria-describedby=\"wp-block-file--media-2d2dc933-3d47-4eae-bc84-c7dd943eafd5\">Descarregar<\/a><\/div>\n","protected":false},"excerpt":{"rendered":"<p>7.\u00aa EDI\u00c7\u00c3O | APROFGEO Este Concurso Nacional (7.\u00aa edi\u00e7\u00e3o) \u00e9 dirigido a alunos de Geografia do 3.\u00ba Ciclo do Ensino B\u00e1sico e do Ensino Secund\u00e1rio. De entre as principais finalidades, este concurso visa investigar fen\u00f3menos relacionados com a variabilidade clim\u00e1tica, atrav\u00e9s da realiza\u00e7\u00e3o de um estudo de caso, evidenciando o sentido de perten\u00e7a ao territ\u00f3rio<a class=\"moretag\" href=\"https:\/\/www.aprofgeo.org\/wp\/?p=2989\"><span class=\"screen-reader-text\">Read more about CONCURSO PARA ALUNOS | &#8220;No caminho das mudan\u00e7as clim\u00e1ticas&#8221;<\/span>[&#8230;]<\/a><\/p>\n","protected":false},"author":5,"featured_media":2990,"comment_status":"closed","ping_status":"closed","sticky":false,"template":"","format":"standard","meta":{"ngg_post_thumbnail":0},"categories":[1],"tags":[],"_links":{"self":[{"href":"https:\/\/www.aprofgeo.org\/wp\/index.php?rest_route=\/wp\/v2\/posts\/2989"}],"collection":[{"href":"https:\/\/www.aprofgeo.org\/wp\/index.php?rest_route=\/wp\/v2\/posts"}],"about":[{"href":"https:\/\/www.aprofgeo.org\/wp\/index.php?rest_route=\/wp\/v2\/types\/post"}],"author":[{"embeddable":true,"href":"https:\/\/www.aprofgeo.org\/wp\/index.php?rest_route=\/wp\/v2\/users\/5"}],"replies":[{"embeddable":true,"href":"https:\/\/www.aprofgeo.org\/wp\/index.php?rest_route=%2Fwp%2Fv2%2Fcomments&post=2989"}],"version-history":[{"count":1,"href":"https:\/\/www.aprofgeo.org\/wp\/index.php?rest_route=\/wp\/v2\/posts\/2989\/revisions"}],"predecessor-version":[{"id":2992,"href":"https:\/\/www.aprofgeo.org\/wp\/index.php?rest_route=\/wp\/v2\/posts\/2989\/revisions\/2992"}],"wp:featuredmedia":[{"embeddable":true,"href":"https:\/\/www.aprofgeo.org\/wp\/index.php?rest_route=\/wp\/v2\/media\/2990"}],"wp:attachment":[{"href":"https:\/\/www.aprofgeo.org\/wp\/index.php?rest_route=%2Fwp%2Fv2%2Fmedia&parent=2989"}],"wp:term":[{"taxonomy":"category","embeddable":true,"href":"https:\/\/www.aprofgeo.org\/wp\/index.php?rest_route=%2Fwp%2Fv2%2Fcategories&post=2989"},{"taxonomy":"post_tag","embeddable":true,"href":"https:\/\/www.aprofgeo.org\/wp\/index.php?rest_route=%2Fwp%2Fv2%2Ftags&post=2989"}],"curies":[{"name":"wp","href":"https:\/\/api.w.org\/{rel}","templated":true}]}}