{"id":2973,"date":"2025-07-11T10:34:17","date_gmt":"2025-07-11T09:34:17","guid":{"rendered":"https:\/\/www.aprofgeo.org\/wp\/?p=2973"},"modified":"2025-08-18T12:26:30","modified_gmt":"2025-08-18T11:26:30","slug":"parecer-2","status":"publish","type":"post","link":"https:\/\/www.aprofgeo.org\/wp\/?p=2973","title":{"rendered":"PARECER 719 (1.\u00aa Fase 2025) | APROFGEO"},"content":{"rendered":"\n<p>Prova de Exame 719 | 1.\u00aa Fase<\/p>\n\n\n\n<figure class=\"wp-block-image size-large\"><a href=\"https:\/\/www.aprofgeo.org\/wp\/wp-content\/uploads\/2025\/07\/Captura-de-ecra-2025-07-11-103717-2.png\"><img decoding=\"async\" loading=\"lazy\" width=\"1024\" height=\"452\" src=\"https:\/\/www.aprofgeo.org\/wp\/wp-content\/uploads\/2025\/07\/Captura-de-ecra-2025-07-11-103717-2-1024x452.png\" alt=\"\" class=\"wp-image-2979\" srcset=\"https:\/\/www.aprofgeo.org\/wp\/wp-content\/uploads\/2025\/07\/Captura-de-ecra-2025-07-11-103717-2-1024x452.png 1024w, https:\/\/www.aprofgeo.org\/wp\/wp-content\/uploads\/2025\/07\/Captura-de-ecra-2025-07-11-103717-2-300x132.png 300w, https:\/\/www.aprofgeo.org\/wp\/wp-content\/uploads\/2025\/07\/Captura-de-ecra-2025-07-11-103717-2-768x339.png 768w, https:\/\/www.aprofgeo.org\/wp\/wp-content\/uploads\/2025\/07\/Captura-de-ecra-2025-07-11-103717-2.png 1076w\" sizes=\"(max-width: 1024px) 100vw, 1024px\" \/><\/a><\/figure>\n\n\n\n<p>O documento sistematiza as principais aprecia\u00e7\u00f5es e contributos cr\u00edticos recolhidos pela Associa\u00e7\u00e3o de Professores de Geografia relativamente ao Exame Final Nacional de Geografia A (Prova 719), realizado na 1.\u00aa fase de 2025. As an\u00e1lises aqui apresentadas resultam da reflex\u00e3o conjunta de professores, classificadores e associados, que procederam ao exame detalhado do enunciado, dos crit\u00e9rios de classifica\u00e7\u00e3o e da aplica\u00e7\u00e3o da prova em contexto real. Importa destacar que, num contexto de retoma da obrigatoriedade de realiza\u00e7\u00e3o de duas provas espec\u00edficas, a Geografia A foi escolhida por um n\u00famero muito significativo de alunos, refor\u00e7ando a relev\u00e2ncia da disciplina no curr\u00edculo nacional e reconhecendo o trabalho desenvolvido pelos docentes na valoriza\u00e7\u00e3o do ensino geogr\u00e1fico.<\/p>\n\n\n\n<div class=\"wp-block-file\"><object class=\"wp-block-file__embed\" data=\"https:\/\/www.aprofgeo.org\/wp\/wp-content\/uploads\/2025\/07\/2025_parecer_APROFGEO_719_1Fa.pdf\" type=\"application\/pdf\" style=\"width:100%;height:600px\" aria-label=\"Incorpora\u00e7\u00e3o de 2025_parecer_APROFGEO_719_1Fa.\"><\/object><a id=\"wp-block-file--media-d7441bb8-8259-4209-a161-88758b1de1fa\" href=\"https:\/\/www.aprofgeo.org\/wp\/wp-content\/uploads\/2025\/07\/2025_parecer_APROFGEO_719_1Fa.pdf\">2025_parecer_APROFGEO_719_1Fa<\/a><a href=\"https:\/\/www.aprofgeo.org\/wp\/wp-content\/uploads\/2025\/07\/2025_parecer_APROFGEO_719_1Fa.pdf\" class=\"wp-block-file__button wp-element-button\" download aria-describedby=\"wp-block-file--media-d7441bb8-8259-4209-a161-88758b1de1fa\">Descarregar<\/a><\/div>\n","protected":false},"excerpt":{"rendered":"<p>Prova de Exame 719 | 1.\u00aa Fase O documento sistematiza as principais aprecia\u00e7\u00f5es e contributos cr\u00edticos recolhidos pela Associa\u00e7\u00e3o de Professores de Geografia relativamente ao Exame Final Nacional de Geografia A (Prova 719), realizado na 1.\u00aa fase de 2025. As an\u00e1lises aqui apresentadas resultam da reflex\u00e3o conjunta de professores, classificadores e associados, que procederam ao<a class=\"moretag\" href=\"https:\/\/www.aprofgeo.org\/wp\/?p=2973\"><span class=\"screen-reader-text\">Read more about PARECER 719 (1.\u00aa Fase 2025) | APROFGEO<\/span>[&#8230;]<\/a><\/p>\n","protected":false},"author":5,"featured_media":3049,"comment_status":"closed","ping_status":"closed","sticky":false,"template":"","format":"standard","meta":{"ngg_post_thumbnail":0},"categories":[1],"tags":[13,12],"_links":{"self":[{"href":"https:\/\/www.aprofgeo.org\/wp\/index.php?rest_route=\/wp\/v2\/posts\/2973"}],"collection":[{"href":"https:\/\/www.aprofgeo.org\/wp\/index.php?rest_route=\/wp\/v2\/posts"}],"about":[{"href":"https:\/\/www.aprofgeo.org\/wp\/index.php?rest_route=\/wp\/v2\/types\/post"}],"author":[{"embeddable":true,"href":"https:\/\/www.aprofgeo.org\/wp\/index.php?rest_route=\/wp\/v2\/users\/5"}],"replies":[{"embeddable":true,"href":"https:\/\/www.aprofgeo.org\/wp\/index.php?rest_route=%2Fwp%2Fv2%2Fcomments&post=2973"}],"version-history":[{"count":3,"href":"https:\/\/www.aprofgeo.org\/wp\/index.php?rest_route=\/wp\/v2\/posts\/2973\/revisions"}],"predecessor-version":[{"id":2988,"href":"https:\/\/www.aprofgeo.org\/wp\/index.php?rest_route=\/wp\/v2\/posts\/2973\/revisions\/2988"}],"wp:featuredmedia":[{"embeddable":true,"href":"https:\/\/www.aprofgeo.org\/wp\/index.php?rest_route=\/wp\/v2\/media\/3049"}],"wp:attachment":[{"href":"https:\/\/www.aprofgeo.org\/wp\/index.php?rest_route=%2Fwp%2Fv2%2Fmedia&parent=2973"}],"wp:term":[{"taxonomy":"category","embeddable":true,"href":"https:\/\/www.aprofgeo.org\/wp\/index.php?rest_route=%2Fwp%2Fv2%2Fcategories&post=2973"},{"taxonomy":"post_tag","embeddable":true,"href":"https:\/\/www.aprofgeo.org\/wp\/index.php?rest_route=%2Fwp%2Fv2%2Ftags&post=2973"}],"curies":[{"name":"wp","href":"https:\/\/api.w.org\/{rel}","templated":true}]}}