{"id":2250,"date":"2021-07-20T15:47:41","date_gmt":"2021-07-20T14:47:41","guid":{"rendered":"http:\/\/www.aprofgeo.org\/wp\/?p=2250"},"modified":"2021-07-20T15:47:44","modified_gmt":"2021-07-20T14:47:44","slug":"defesa-do-ensino-da-geografia-cidadania-territorial-e-ensino-da-geografia-educacao-geografica-e-ordenamento-do-territorio","status":"publish","type":"post","link":"https:\/\/www.aprofgeo.org\/wp\/?p=2250","title":{"rendered":"Defesa do ensino da Geografia | Cidadania territorial e ensino da Geografia | Educa\u00e7\u00e3o geogr\u00e1fica e ordenamento do Territ\u00f3rio"},"content":{"rendered":"<a href=\"https:\/\/www.aprofgeo.org\/wp\/wp-content\/uploads\/2021\/07\/APROFEO_APG_Artigo_Educa\u00e7\u00e3o-geogr\u00e1fica-e-ordenamento-do-territ\u00f3rio.pdf\" class=\"pdfemb-viewer\" style=\"\" data-width=\"max\" data-height=\"max\"  data-toolbar=\"bottom\" data-toolbar-fixed=\"off\">APROFEO_APG_Artigo_Educa\u00e7\u00e3o-geogr\u00e1fica-e-ordenamento-do-territ\u00f3rio<br\/><\/a>\n<p class=\"wp-block-pdfemb-pdf-embedder-viewer\"><\/p>\n\n\n<a href=\"https:\/\/www.aprofgeo.org\/wp\/wp-content\/uploads\/2021\/07\/Reafirma\u00e7\u00e3o-da-Posi\u00e7\u00e3o-APROFGEO-DL-55_2018-18julho.pdf\" class=\"pdfemb-viewer\" style=\"\" data-width=\"max\" data-height=\"max\"  data-toolbar=\"bottom\" data-toolbar-fixed=\"off\">Reafirma\u00e7\u00e3o-da-Posi\u00e7\u00e3o-APROFGEO-DL-55_2018-18julho<br\/><\/a>\n<p class=\"wp-block-pdfemb-pdf-embedder-viewer\"><\/p>\n\n\n<a href=\"https:\/\/www.aprofgeo.org\/wp\/wp-content\/uploads\/2021\/07\/CARTA-CONJUNTA2-FLEXIBILIZA\u00c7\u00c3O-CURRICULAR_APROFGEO_APH-1.pdf\" class=\"pdfemb-viewer\" style=\"\" data-width=\"max\" data-height=\"max\"  data-toolbar=\"bottom\" data-toolbar-fixed=\"off\">CARTA-CONJUNTA2-FLEXIBILIZA\u00c7\u00c3O-CURRICULAR_APROFGEO_APH-1<br\/><\/a>\n<p class=\"wp-block-pdfemb-pdf-embedder-viewer\"><\/p>\n","protected":false},"excerpt":{"rendered":"","protected":false},"author":5,"featured_media":0,"comment_status":"closed","ping_status":"closed","sticky":false,"template":"","format":"standard","meta":{"ngg_post_thumbnail":0},"categories":[1],"tags":[],"_links":{"self":[{"href":"https:\/\/www.aprofgeo.org\/wp\/index.php?rest_route=\/wp\/v2\/posts\/2250"}],"collection":[{"href":"https:\/\/www.aprofgeo.org\/wp\/index.php?rest_route=\/wp\/v2\/posts"}],"about":[{"href":"https:\/\/www.aprofgeo.org\/wp\/index.php?rest_route=\/wp\/v2\/types\/post"}],"author":[{"embeddable":true,"href":"https:\/\/www.aprofgeo.org\/wp\/index.php?rest_route=\/wp\/v2\/users\/5"}],"replies":[{"embeddable":true,"href":"https:\/\/www.aprofgeo.org\/wp\/index.php?rest_route=%2Fwp%2Fv2%2Fcomments&post=2250"}],"version-history":[{"count":1,"href":"https:\/\/www.aprofgeo.org\/wp\/index.php?rest_route=\/wp\/v2\/posts\/2250\/revisions"}],"predecessor-version":[{"id":2258,"href":"https:\/\/www.aprofgeo.org\/wp\/index.php?rest_route=\/wp\/v2\/posts\/2250\/revisions\/2258"}],"wp:attachment":[{"href":"https:\/\/www.aprofgeo.org\/wp\/index.php?rest_route=%2Fwp%2Fv2%2Fmedia&parent=2250"}],"wp:term":[{"taxonomy":"category","embeddable":true,"href":"https:\/\/www.aprofgeo.org\/wp\/index.php?rest_route=%2Fwp%2Fv2%2Fcategories&post=2250"},{"taxonomy":"post_tag","embeddable":true,"href":"https:\/\/www.aprofgeo.org\/wp\/index.php?rest_route=%2Fwp%2Fv2%2Ftags&post=2250"}],"curies":[{"name":"wp","href":"https:\/\/api.w.org\/{rel}","templated":true}]}}