{"id":1516,"date":"2019-09-07T09:04:43","date_gmt":"2019-09-07T08:04:43","guid":{"rendered":"http:\/\/www.aprofgeo.org\/wp\/?p=1516"},"modified":"2019-11-28T13:26:49","modified_gmt":"2019-11-28T12:26:49","slug":"x-seninario-nacional-de-professores-de-geografia","status":"publish","type":"post","link":"https:\/\/www.aprofgeo.org\/wp\/?p=1516","title":{"rendered":"X Semin\u00e1rio Nacional de Professores de Geografia"},"content":{"rendered":"<p><a href=\"http:\/\/www.aprofgeo.org\/wp\/wp-content\/uploads\/2019\/09\/Capturar.jpg\"><img decoding=\"async\" loading=\"lazy\" class=\"aligncenter size-full wp-image-1517\" src=\"http:\/\/www.aprofgeo.org\/wp\/wp-content\/uploads\/2019\/09\/Capturar.jpg\" alt=\"\" width=\"677\" height=\"324\" srcset=\"https:\/\/www.aprofgeo.org\/wp\/wp-content\/uploads\/2019\/09\/Capturar.jpg 677w, https:\/\/www.aprofgeo.org\/wp\/wp-content\/uploads\/2019\/09\/Capturar-300x144.jpg 300w\" sizes=\"(max-width: 677px) 100vw, 677px\" \/><\/a><\/p>\n<p>25 horas de forma\u00e7\u00e3o continua e espec\u00edfica dos professores dos grupos 420, 520, 230 e 200.<span class=\"text_exposed_show\"><br \/>\nTemos pre\u00e7os especais para os s\u00f3cios da Associa\u00e7\u00e3o de Professores de Geografia, Associa\u00e7\u00e3o Insular de Geografia, Associa\u00e7\u00e3o Portuguesa de Ge\u00f3grafos e outras associa\u00e7\u00f5es. A estes acresce um desconto at\u00e9 30 de setembro.<\/span><\/p>\n<div class=\"text_exposed_show\">\n<p>Ficha de Inscri\u00e7\u00e3o online dispon\u00edvel em<br \/>\n<a href=\"https:\/\/forms.gle\/VHi9c1zD21i7ci7y9?fbclid=IwAR13t3DGcI2-guBCaTIWwTijC6WwdW54S0gjKbGoNAmqPx4blBa3Nj3me-A\" target=\"_blank\" rel=\"nofollow noopener\" data-lynx-mode=\"origin\" data-ft=\"{&quot;tn&quot;:&quot;-U&quot;}\" data-lynx-uri=\"https:\/\/l.facebook.com\/l.php?u=https%3A%2F%2Fforms.gle%2FVHi9c1zD21i7ci7y9%3Ffbclid%3DIwAR13t3DGcI2-guBCaTIWwTijC6WwdW54S0gjKbGoNAmqPx4blBa3Nj3me-A&amp;h=AT0z31cVXcLqXzZ7PZ9hOt0tVgJCKQtj1hMZ8xNUjBYo8ugR8ga_BXXhCQIcXmzcsjkHGcc5FMvSbuEpiShyKb7E1hQJpnoS7-enOhhnkp8Jf46Jun0boFqNSYq48cYvnvQf8mBj8u2fpQFLYx0Q-r5LnSv3PljEKBOw2gx_pCxOZnR8kXai5z5r2qYGXjpZblIMG64ix0Zm27Vdpy11fcy1oxDpq8QGdB1swplQXlx89nbwoRnY-Vg0LbHPrc7yQGGiGuTP4N8Fj5Qr-Q_za3kWYyrtjNtUnqkLvgB4X4VluWYV6KLEqgrmN8wcs6tMIN-9K8EDbnBIsM4MU4bhUB6r1LlNBLyRNCBc_-CR3r1pnLB4GAZH_pYVi_uLkINL6uUy2o8fgnWFaPoMAZKGb1tpzoVYbcrI8SvOQVl9bSRgQLLiN_yptCZY3gjqE7-h1c34XRX3w3ytpXVdPR5VzWhlnYb4tQXiWCXAqh1fgJi6jPb2pBuSLLpc27-U2iB4jUwXUJ3-bam5NjrA9Pnd7d29nbpaIqxOFeqO-8s9lgxnDBtdq5FVtw-4a1VNcUWzB4mPrP4ZMq32X6kpZMqyE7i25F20elIxlErrKoaNieeApJV3QTtQFCplFXMT85wypPMdSbCELkQOhXX3_Z0soCxJjZn2EfVmAgzKyEJVfdju6mb8LwZRlNRX8i50nHiC08RvL0w_d290mJUe6yyCKGNZPt41FeUOs-Qx-uQA9IGLFjMndzmzFAzaQg1LzE8brm3wACPQKuHI2Tbvj6-i8W-n_6BbJ3_DGtgtLMrMKuqL9kyIaDRbfQMONDLW5Q0TqRPVDovBGLDsnnzb8hVj\">https:\/\/forms.gle\/VHi9c1zD21i7ci7y9<\/a><br \/>\nAlojamento recomendado: Hotel Vila Gal\u00e9 madeira.reservas@vilagale.com<\/p>\n<p>&nbsp;<\/p>\n<p><a href=\"http:\/\/www.aprofgeo.org\/wp\/wp-content\/uploads\/2019\/09\/LogoTurismodePortugal_JPG.jpg\"><img decoding=\"async\" loading=\"lazy\" class=\"wp-image-1663 alignleft\" src=\"http:\/\/www.aprofgeo.org\/wp\/wp-content\/uploads\/2019\/09\/LogoTurismodePortugal_JPG.jpg\" alt=\"\" width=\"287\" height=\"99\" srcset=\"https:\/\/www.aprofgeo.org\/wp\/wp-content\/uploads\/2019\/09\/LogoTurismodePortugal_JPG.jpg 1280w, https:\/\/www.aprofgeo.org\/wp\/wp-content\/uploads\/2019\/09\/LogoTurismodePortugal_JPG-300x103.jpg 300w, https:\/\/www.aprofgeo.org\/wp\/wp-content\/uploads\/2019\/09\/LogoTurismodePortugal_JPG-768x265.jpg 768w, https:\/\/www.aprofgeo.org\/wp\/wp-content\/uploads\/2019\/09\/LogoTurismodePortugal_JPG-1024x353.jpg 1024w\" sizes=\"(max-width: 287px) 100vw, 287px\" \/><\/a><\/p>\n<p>&nbsp;<\/p>\n<p><strong>Programa de Apoio M&amp;I Interior\u00a0<\/strong><\/p>\n<p>&nbsp;<\/p>\n<\/div>\n<h2><strong>01 de novembro<\/strong><\/h2>\n<h2><strong>09:00 Rece\u00e7\u00e3o dos participantes<\/strong><\/h2>\n<h2><strong>09:30<\/strong> Sess\u00e3o de Abertura<\/h2>\n<p>Miguel Albuquerque, Presidente do Governo Regional*<\/p>\n<p>Rui Freitas, Diretor da Escola B\u00e1sica e Secund\u00e1ria de Santa Cruz<\/p>\n<p>Filipe Sousa, Presidente da C\u00e2mara de Santa Cruz<\/p>\n<p>Ana Cristina C\u00e2mara, Presidente APROFGEO<\/p>\n<p>Arlindo Aguiar, Comiss\u00e3o Organizadora Local<\/p>\n<h2><strong>10:15 <\/strong>Confer\u00eancia de Abertura<\/h2>\n<p>Susana Prada, Secret\u00e1ria Regional do Ambiente e Recursos Naturais*<\/p>\n<p>[Tema: Hidrogeologia de regi\u00f5es vulc\u00e2nicas, gest\u00e3o de recursos h\u00eddricos e educa\u00e7\u00e3o ambiental]<\/p>\n<h2><strong>11:45<\/strong> Painel 1# Insularidade: obst\u00e1culo ou potencialidade?<\/h2>\n<p><em> [Tema: vantagens, desvantagens e potencialidades da insularidade]<\/em><\/p>\n<p>Alberto Jo\u00e3o Jardim, Ex-Presidente do Governo Regional da RAM<\/p>\n<p>[Potencialidades e riscos da Insularidade]<\/p>\n<p>Raquel Braz\u00e3o, Ge\u00f3grafa<\/p>\n<p>[Pol\u00edticas e Estrat\u00e9gias de Planeamento em Territ\u00f3rio Insular]<\/p>\n<p>Empresa de Eletricidade da Madeira*<\/p>\n<p>[Potencialidades e sustentabilidade energ\u00e9tica da RAM]<\/p>\n<h2><strong>14:30<\/strong> Painel 2# Poder local e ordenamento do territ\u00f3rio<\/h2>\n<p>[Tema: poder local + revis\u00e3o do PDM da CMSC]<\/p>\n<p>Jos\u00e9 Paradela, PDM de Santa Cruz<\/p>\n<p>[Revis\u00e3o do PDM de Santa Cruz]<\/p>\n<p>Paulo Alves, Presidente da JF de Santa Cruz<\/p>\n<p>[Santa Cruz: Governar do Mar \u00e0 Serra]<\/p>\n<p>Vitor Hugo, CMSC designer<\/p>\n<p>[Marca Santa Cruz enquanto estrat\u00e9gia de desenvolvimento local]<\/p>\n<h2><strong>16:00<\/strong> Visita de Estudo #1 Calcorreando Santa Cruz<\/h2>\n<p>Emanuel Gaspar, Historiador da Casa da Cultura de Santa Cruz<\/p>\n<p>[Patrim\u00f3nio constru\u00eddo de Santa Cruz]<\/p>\n<h2><strong>18:30<\/strong> Madeira d\u2019honra<\/h2>\n<h2><strong>\u00a0<\/strong><\/h2>\n<h2><strong>02 de novembro<\/strong><\/h2>\n<h2><strong>09:00 <\/strong>Visita de Estudo #2<\/h2>\n<p>Grupo #1 Santana I Arco de S\u00e3o Jorge I caminhada na Levada do Pico das Pedras at\u00e9 \u00e0s Queimadas<\/p>\n<p>Grupo #2 Caminhada na Ponta de S\u00e3o Louren\u00e7o (at\u00e9 ao Cais do Sardinha) I Machico 600 anos de povoamento<\/p>\n<p>Grupo #3 Parque Ecologico do Funchal I Pico do Areeiro I C\u00e2mara de Lobos I Curral das Freiras<\/p>\n<p>Grupo #4 Ribeiro Frio I Vereda dos Balc\u00e3s I Pico do Areeiro I Santo da Serra I Santa Cruz<\/p>\n<p><strong>20:30<\/strong> Jantar de degusta\u00e7\u00e3o Madeirense<\/p>\n<p>[definir local]<\/p>\n<p>&nbsp;<\/p>\n<p>&nbsp;<\/p>\n<h2><strong>03 de novembro<\/strong><\/h2>\n<h2><strong>09:00<\/strong> Painel 3# Riscos e vulnerabilidades<\/h2>\n<p>[Tema: riscos naturais, ambientais\u00a0 e tecnol\u00f3gicos]<\/p>\n<p>Cl\u00e1udia Monteiro de Aguiar, Eurodeputada<\/p>\n<p>[Pol\u00edticas do Mar]<\/p>\n<p>Rosa Pires, Bi\u00f3loga<\/p>\n<p>[Lobo Marinho e desertas]<\/p>\n<p>Victor Prior, Observat\u00f3rio do IPMA*<\/p>\n<p>[Vulnerabilidade clim\u00e1ticas da RAM]<\/p>\n<p>Diogo Neves, Secretaria Regional de Educa\u00e7\u00e3o<\/p>\n<p>[Projeto de Educa\u00e7\u00e3o, Seguran\u00e7a e Preven\u00e7\u00e3o de Riscos]<\/p>\n<p>Duarte Silva, Professor de Geografia, EBS Santa Cruz<\/p>\n<p>[Aplicabilidade escolar do Projeto Educa\u00e7\u00e3o Seguran\u00e7a e Preven\u00e7\u00e3o de Riscos]<\/p>\n<p>&nbsp;<\/p>\n<p>&nbsp;<\/p>\n<h2><strong>12:00<\/strong> Confer\u00eancia de Encerramento<\/h2>\n<p>Maria Jos\u00e9 Roxo, Ge\u00f3grafa &#8211; Faculdade de Ci\u00eancias Socias e Humanas \u2013 Nova de Lisboa<\/p>\n<p>[Comiss\u00e3o UNESCO Altera\u00e7\u00f5es clim\u00e1ticas]<\/p>\n<h2><strong>13:00<\/strong> Sess\u00e3o de Encerramento<\/h2>\n<p>\u00c9lia Ascens\u00e3o, Vereadora da Educa\u00e7\u00e3o da C\u00e2mara de Santa Cruz<\/p>\n<p>Ana Cristina C\u00e2mara, Presidente APROFGEO<\/p>\n<p>&nbsp;<\/p>\n<p>&nbsp;<\/p>\n","protected":false},"excerpt":{"rendered":"<p>25 horas de forma\u00e7\u00e3o continua e espec\u00edfica dos professores dos grupos 420, 520, 230 e 200. Temos pre\u00e7os especais para os s\u00f3cios da Associa\u00e7\u00e3o de Professores de Geografia, Associa\u00e7\u00e3o Insular de Geografia, Associa\u00e7\u00e3o Portuguesa de Ge\u00f3grafos e outras associa\u00e7\u00f5es. A estes acresce um desconto at\u00e9 30 de setembro. Ficha de Inscri\u00e7\u00e3o online dispon\u00edvel em https:\/\/forms.gle\/VHi9c1zD21i7ci7y9<a class=\"moretag\" href=\"https:\/\/www.aprofgeo.org\/wp\/?p=1516\"><span class=\"screen-reader-text\">Read more about X Semin\u00e1rio Nacional de Professores de Geografia<\/span>[&#8230;]<\/a><\/p>\n","protected":false},"author":5,"featured_media":0,"comment_status":"closed","ping_status":"closed","sticky":false,"template":"","format":"standard","meta":{"ngg_post_thumbnail":0},"categories":[1],"tags":[],"_links":{"self":[{"href":"https:\/\/www.aprofgeo.org\/wp\/index.php?rest_route=\/wp\/v2\/posts\/1516"}],"collection":[{"href":"https:\/\/www.aprofgeo.org\/wp\/index.php?rest_route=\/wp\/v2\/posts"}],"about":[{"href":"https:\/\/www.aprofgeo.org\/wp\/index.php?rest_route=\/wp\/v2\/types\/post"}],"author":[{"embeddable":true,"href":"https:\/\/www.aprofgeo.org\/wp\/index.php?rest_route=\/wp\/v2\/users\/5"}],"replies":[{"embeddable":true,"href":"https:\/\/www.aprofgeo.org\/wp\/index.php?rest_route=%2Fwp%2Fv2%2Fcomments&post=1516"}],"version-history":[{"count":6,"href":"https:\/\/www.aprofgeo.org\/wp\/index.php?rest_route=\/wp\/v2\/posts\/1516\/revisions"}],"predecessor-version":[{"id":1664,"href":"https:\/\/www.aprofgeo.org\/wp\/index.php?rest_route=\/wp\/v2\/posts\/1516\/revisions\/1664"}],"wp:attachment":[{"href":"https:\/\/www.aprofgeo.org\/wp\/index.php?rest_route=%2Fwp%2Fv2%2Fmedia&parent=1516"}],"wp:term":[{"taxonomy":"category","embeddable":true,"href":"https:\/\/www.aprofgeo.org\/wp\/index.php?rest_route=%2Fwp%2Fv2%2Fcategories&post=1516"},{"taxonomy":"post_tag","embeddable":true,"href":"https:\/\/www.aprofgeo.org\/wp\/index.php?rest_route=%2Fwp%2Fv2%2Ftags&post=1516"}],"curies":[{"name":"wp","href":"https:\/\/api.w.org\/{rel}","templated":true}]}}