{"id":1503,"date":"2019-07-17T17:24:17","date_gmt":"2019-07-17T16:24:17","guid":{"rendered":"http:\/\/www.aprofgeo.org\/wp\/?p=1503"},"modified":"2019-07-17T17:24:27","modified_gmt":"2019-07-17T16:24:27","slug":"inquerito-selfiegeografia201819","status":"publish","type":"post","link":"https:\/\/www.aprofgeo.org\/wp\/?p=1503","title":{"rendered":"Inqu\u00e9rito #selfie#geografia#2018\/19"},"content":{"rendered":"<p><a href=\"http:\/\/www.aprofgeo.org\/wp\/wp-content\/uploads\/2019\/07\/Logo_Inqselfiegeografia.jpg\"><br \/>\n<img decoding=\"async\" loading=\"lazy\" class=\"aligncenter size-full wp-image-1504\" src=\"http:\/\/www.aprofgeo.org\/wp\/wp-content\/uploads\/2019\/07\/Logo_Inqselfiegeografia.jpg\" alt=\"\" width=\"1423\" height=\"823\" srcset=\"https:\/\/www.aprofgeo.org\/wp\/wp-content\/uploads\/2019\/07\/Logo_Inqselfiegeografia.jpg 1423w, https:\/\/www.aprofgeo.org\/wp\/wp-content\/uploads\/2019\/07\/Logo_Inqselfiegeografia-300x174.jpg 300w, https:\/\/www.aprofgeo.org\/wp\/wp-content\/uploads\/2019\/07\/Logo_Inqselfiegeografia-768x444.jpg 768w, https:\/\/www.aprofgeo.org\/wp\/wp-content\/uploads\/2019\/07\/Logo_Inqselfiegeografia-1024x592.jpg 1024w\" sizes=\"(max-width: 1423px) 100vw, 1423px\" \/><\/a><\/p>\n<p><span lang=\"PT\" style=\"margin: 0px; font-family: 'Helvetica',sans-serif; font-size: 10pt;\"><span style=\"color: #000000;\">Caro(a) colega de Geografia, <\/span><\/span><\/p>\n<p><span lang=\"PT\" style=\"margin: 0px; font-family: 'Helvetica',sans-serif; font-size: 10pt;\"><span style=\"color: #000000;\">A Associa\u00e7\u00e3o de Professores de Geografia, ap\u00f3s a publica\u00e7\u00e3o do decreto-lei n.\u00ba 55\/2018 (de 6 de julho) e a implementa\u00e7\u00e3o dos projetos das Aprendizagens Essenciais da Geografia emanadas pela tutela, tem manifestado preocupa\u00e7\u00e3o sobre a sua execu\u00e7\u00e3o nas escolas, nomeadamente, na avalia\u00e7\u00e3o do ensino e da aprendizagem, na distribui\u00e7\u00e3o da carga hor\u00e1ria semanal da disciplina de Geografia e na leciona\u00e7\u00e3o da Cidadania e Desenvolvimento fora do Departamento de Ci\u00eancias Sociais e Humanas.<\/span><\/span><\/p>\n<p><span lang=\"PT\" style=\"margin: 0px; font-family: 'Helvetica',sans-serif; font-size: 10pt;\">A elabora\u00e7\u00e3o de pareceres e a (re)afirma\u00e7\u00e3o da nossa posi\u00e7\u00e3o quanto ao teor do decreto-lei n.\u00ba 55\/2018, a reda\u00e7\u00e3o de cartas conjuntas com a Associa\u00e7\u00e3o de Professores de Hist\u00f3ria e com a Associa\u00e7\u00e3o Portuguesa de Ge\u00f3grafos, a audi\u00eancia com o Secret\u00e1rio de Estado da Educa\u00e7\u00e3o e o<br \/>\nlan\u00e7amento da peti\u00e7\u00e3o POR UMA VALORIZA\u00c7\u00c3O DA GEOGRAFIA NA EDUCA\u00c7\u00c3O PARA O<br \/>\nORDENAMENTO DO TERRIT\u00d3RIO NOS ENSINOS B\u00c1SICO E SECUND\u00c1RIO, testemunham a nossa preocupa\u00e7\u00e3o quanto aos desafios que a Geografia e o ensino desta enfrentam na sociedade portuguesa.<\/span><\/p>\n<p><span lang=\"PT\" style=\"margin: 0px; font-family: 'Helvetica',sans-serif; font-size: 10pt;\">Para continuarmos a lutar pela valoriza\u00e7\u00e3o da Geografia na educa\u00e7\u00e3o e (re)afirmarmos as compet\u00eancias dos professores de Geografia para a explora\u00e7\u00e3o dos conte\u00fados da disciplina de Educa\u00e7\u00e3o para a Cidadania e Desenvolvimento, precisamos de conhecer o estado da arte da disciplina de Geografia e de Cidadania e Desenvolvimento nas escolas. Para o efeito solicita-se a sua colabora\u00e7\u00e3o na resposta ao <b>inqu\u00e9rito #selfie#geografia#2018\/19 <\/b>(aproximadamente 5 minutos).<\/span><\/p>\n<p><span lang=\"PT\" style=\"margin: 0px; font-family: 'Helvetica',sans-serif; font-size: 10pt;\"><span style=\"color: #000000;\">Agradece-se, desde j\u00e1, o tempo de disponibilizado para o preenchimento deste inqu\u00e9rito \u00a0\u2013 dispon\u00edvel em <\/span><\/span><span style=\"font-size: 10pt;\"><a href=\"https:\/\/forms.gle\/6fFc5kzfuky7C2aH6\"><span style=\"background: yellow; margin: 0px; color: #26282a; font-family: 'Helvetica',sans-serif;\"><span lang=\"PT\">https:\/\/forms.gle\/6fFc5kzfuky7C2aH6<\/span><\/span><\/a><\/span><span lang=\"PT\" style=\"margin: 0px; font-family: 'Helvetica',sans-serif; font-size: 10pt;\"><span style=\"color: #000000;\">.<\/span><\/span><\/p>\n<p><span lang=\"PT\" style=\"margin: 0px; font-family: 'Helvetica',sans-serif; font-size: 10pt;\"><span style=\"color: #000000;\">Agradece-se, ainda, a divulga\u00e7\u00e3o do mesmo junto de todos os professores de Geografia que conhece.<\/span><\/span><\/p>\n","protected":false},"excerpt":{"rendered":"<p>Caro(a) colega de Geografia, A Associa\u00e7\u00e3o de Professores de Geografia, ap\u00f3s a publica\u00e7\u00e3o do decreto-lei n.\u00ba 55\/2018 (de 6 de julho) e a implementa\u00e7\u00e3o dos projetos das Aprendizagens Essenciais da Geografia emanadas pela tutela, tem manifestado preocupa\u00e7\u00e3o sobre a sua execu\u00e7\u00e3o nas escolas, nomeadamente, na avalia\u00e7\u00e3o do ensino e da aprendizagem, na distribui\u00e7\u00e3o da carga<a class=\"moretag\" href=\"https:\/\/www.aprofgeo.org\/wp\/?p=1503\"><span class=\"screen-reader-text\">Read more about Inqu\u00e9rito #selfie#geografia#2018\/19<\/span>[&#8230;]<\/a><\/p>\n","protected":false},"author":5,"featured_media":0,"comment_status":"closed","ping_status":"closed","sticky":false,"template":"","format":"standard","meta":{"ngg_post_thumbnail":0},"categories":[1],"tags":[],"_links":{"self":[{"href":"https:\/\/www.aprofgeo.org\/wp\/index.php?rest_route=\/wp\/v2\/posts\/1503"}],"collection":[{"href":"https:\/\/www.aprofgeo.org\/wp\/index.php?rest_route=\/wp\/v2\/posts"}],"about":[{"href":"https:\/\/www.aprofgeo.org\/wp\/index.php?rest_route=\/wp\/v2\/types\/post"}],"author":[{"embeddable":true,"href":"https:\/\/www.aprofgeo.org\/wp\/index.php?rest_route=\/wp\/v2\/users\/5"}],"replies":[{"embeddable":true,"href":"https:\/\/www.aprofgeo.org\/wp\/index.php?rest_route=%2Fwp%2Fv2%2Fcomments&post=1503"}],"version-history":[{"count":3,"href":"https:\/\/www.aprofgeo.org\/wp\/index.php?rest_route=\/wp\/v2\/posts\/1503\/revisions"}],"predecessor-version":[{"id":1507,"href":"https:\/\/www.aprofgeo.org\/wp\/index.php?rest_route=\/wp\/v2\/posts\/1503\/revisions\/1507"}],"wp:attachment":[{"href":"https:\/\/www.aprofgeo.org\/wp\/index.php?rest_route=%2Fwp%2Fv2%2Fmedia&parent=1503"}],"wp:term":[{"taxonomy":"category","embeddable":true,"href":"https:\/\/www.aprofgeo.org\/wp\/index.php?rest_route=%2Fwp%2Fv2%2Fcategories&post=1503"},{"taxonomy":"post_tag","embeddable":true,"href":"https:\/\/www.aprofgeo.org\/wp\/index.php?rest_route=%2Fwp%2Fv2%2Ftags&post=1503"}],"curies":[{"name":"wp","href":"https:\/\/api.w.org\/{rel}","templated":true}]}}